{"id":2800,"date":"2026-03-31T08:50:43","date_gmt":"2026-03-31T06:50:43","guid":{"rendered":"https:\/\/rubisocial.bcnapps.es\/?p=2800"},"modified":"2026-04-01T12:53:47","modified_gmt":"2026-04-01T10:53:47","slug":"centro-de-dia-personas-mayores-ventajas-funcionamiento","status":"publish","type":"post","link":"https:\/\/rubisocial.bcnapps.es\/es\/2026\/03\/31\/centro-de-dia-personas-mayores-ventajas-funcionamiento\/","title":{"rendered":"Centro de d\u00eda para personas mayores: ventajas, funcionamiento y c\u00f3mo puede ayudarte"},"content":{"rendered":"<p><span style=\"font-weight: 400;\">Con el paso de los a\u00f1os, muchas familias se encuentran en una situaci\u00f3n com\u00fan: quieren que sus mayores sigan viviendo en casa pero les falta tiempo para cuidarles y tambi\u00e9n necesitan apoyo para garantizar su bienestar y seguridad.<\/span><\/p>\n<p><span style=\"font-weight: 400;\">En este contexto, el <\/span><b>centro de d\u00eda para personas mayores<\/b><span style=\"font-weight: 400;\"> es la mejor opci\u00f3n para muchas familias. Y es que un centro de d\u00eda combina <\/span><b>atenci\u00f3n profesional durante el d\u00eda y continuidad en el hogar por la tarde<\/b><span style=\"font-weight: 400;\">.<\/span><\/p>\n<p><span style=\"font-weight: 400;\">Hoy queremos explicaros c\u00f3mo funcionan y sus principales ventajas, tanto para las personas mayores como para sus familias.<\/span><\/p>\n<h2><b>\u00bfQu\u00e9 es un centro de d\u00eda y c\u00f3mo funciona?<\/b><\/h2>\n<p><span style=\"font-weight: 400;\">Un centro de d\u00eda es un servicio dirigido a personas mayores que acuden durante el d\u00eda a un centro especializado, donde participan en actividades, reciben atenci\u00f3n profesional y comparten tiempo con otras personas.\u00a0<\/span><\/p>\n<p><span style=\"font-weight: 400;\">Cuando acaba el d\u00eda, vuelven a sus hogares.<\/span><\/p>\n<p><span style=\"font-weight: 400;\">Esto permite que la persona mayor:<\/span><\/p>\n<ul>\n<li style=\"font-weight: 400;\" aria-level=\"1\"><span style=\"font-weight: 400;\">Mantenga su entorno habitual<\/span><\/li>\n<li style=\"font-weight: 400;\" aria-level=\"1\"><span style=\"font-weight: 400;\">Contin\u00fae viviendo en casa<\/span><\/li>\n<li style=\"font-weight: 400;\" aria-level=\"1\"><span style=\"font-weight: 400;\">Reciba el apoyo que necesita durante el d\u00eda<\/span><\/li>\n<\/ul>\n<p><span style=\"font-weight: 400;\">En el caso de <\/span><b>El Cel de Rub\u00ed<\/b><span style=\"font-weight: 400;\">, las personas usuarias del centro de d\u00eda comparten los mismos espacios y actividades que los residentes. Es decir, <a href=\"https:\/\/rubisocial.bcnapps.es\/2024\/01\/18\/rutines-diaries-la-vida-de-les-persones-majors\/\" target=\"_blank\" rel=\"noopener\">forman parte del d\u00eda a d\u00eda del centr<\/a>o, participando en talleres, din\u00e1micas y actividades junto al resto de personas.<\/span><\/p>\n<p><span style=\"font-weight: 400;\">Adem\u00e1s, en El Cel de Rub\u00ed realizamos un <\/span><b>periodo de adaptaci\u00f3n personalizado<\/b><span style=\"font-weight: 400;\"> cuando una persona empieza a venir al centro de d\u00eda.\u00a0<\/span><\/p>\n<p><span style=\"font-weight: 400;\">Este proceso tiene en cuenta su estado de salud, su nivel de autonom\u00eda, sus h\u00e1bitos y sus preferencias.<\/span><\/p>\n<h3><span style=\"font-weight: 400;\">Actividades que estimulan cuerpo y mente<\/span><\/h3>\n<p><span style=\"font-weight: 400;\">Las actividades son una parte fundamental de la rutina en el centro de d\u00eda de El Cel de Rub\u00ed.\u00a0<\/span><\/p>\n<p><span style=\"font-weight: 400;\">Adem\u00e1s de entretenerse, con las actividades buscamos que nuestros mayores trabajen <\/span><b>las capacidades f\u00edsicas, cognitivas y sociales<\/b><span style=\"font-weight: 400;\">. Para ello organizamos talleres de memoria y estimulaci\u00f3n cognitiva, karaoke, proyecci\u00f3n de pel\u00edculas o talleres de lectura y cocina, entre otras actividades.\u00a0<\/span><\/p>\n<h3><span style=\"font-weight: 400;\">Flexibilidad horaria para adaptarse a cada familia<\/span><\/h3>\n<p><span style=\"font-weight: 400;\">Otro de los aspectos m\u00e1s valorados de nuestro centro de d\u00eda es la posibilidad de adaptarnos a las necesidades de cada familia.\u00a0<\/span><\/p>\n<p><span style=\"font-weight: 400;\">En El Cel de Rub\u00ed contamos con un <\/span><b>horario amplio, de 8 de la ma\u00f1ana a 20 de la tarde<\/b><span style=\"font-weight: 400;\">, todos los d\u00edas de la semana. Pero, adem\u00e1s, ofrecemos <\/span><b>flexibilidad real<\/b><span style=\"font-weight: 400;\">. Aunque lo habitual es que los mayores pasen en el centro de d\u00eda unas 7 horas, este tiempo se puede adaptar.<\/span><\/p>\n<p><span style=\"font-weight: 400;\">Y es que el centro de d\u00eda es bueno para las personas mayores y tambi\u00e9n para sus familias porque les ayuda a:<\/span><\/p>\n<ul>\n<li style=\"font-weight: 400;\" aria-level=\"1\"><span style=\"font-weight: 400;\">Conciliar el cuidado con la vida laboral<\/span><\/li>\n<li style=\"font-weight: 400;\" aria-level=\"1\"><span style=\"font-weight: 400;\">Reducir la sobrecarga emocional de cuidar<\/span><\/li>\n<li style=\"font-weight: 400;\" aria-level=\"1\"><span style=\"font-weight: 400;\">Tener la tranquilidad de que el familiar est\u00e1 bien atendido<\/span><\/li>\n<\/ul>\n<p><span style=\"font-weight: 400;\">Adem\u00e1s, evitamos que sientan angustia cuando se ven obligados a dejar a sus mayores solos en casa durante varias horas.<\/span><\/p>\n<p><span style=\"font-weight: 400;\">En definitiva, el centro de d\u00eda es un apoyo clave para mejorar el equilibrio familiar y prevenir el desgaste del cuidador.<\/span><\/p>\n<p><b>Mantener la autonom\u00eda sin renunciar al apoyo<\/b><\/p>\n<p><span style=\"font-weight: 400;\">Una de las ventajas m\u00e1s valoradas por las familias y los mayores que asisten a un centro de d\u00eda es poder <\/span><b>seguir viviendo en su casa<\/b><span style=\"font-weight: 400;\"> y, adem\u00e1s, tener apoyo profesional, compa\u00f1\u00eda y actividades durante unas horas al d\u00eda.\u00a0<\/span><\/p>\n<p><span style=\"font-weight: 400;\">De esta forma, los mayores logran:<\/span><\/p>\n<ul>\n<li style=\"font-weight: 400;\" aria-level=\"1\"><span style=\"font-weight: 400;\">Mantener rutinas saludables<\/span><\/li>\n<li style=\"font-weight: 400;\" aria-level=\"1\"><span style=\"font-weight: 400;\">Evitar el aislamiento<\/span><\/li>\n<li style=\"font-weight: 400;\" aria-level=\"1\"><span style=\"font-weight: 400;\">Estimular sus capacidades<\/span><\/li>\n<\/ul>\n<p><span style=\"font-weight: 400;\">Todo ello tambi\u00e9n contribuye a que la persona siga teniendo autonom\u00eda y calidad de vida durante m\u00e1s tiempo.\u00a0<\/span><\/p>\n<h2><b>Socializaci\u00f3n: un ant\u00eddoto contra la soledad<\/b><\/h2>\n<p><span style=\"font-weight: 400;\">Muchas personas mayores pueden sentirse solas o aisladas, especialmente cuando no tienen familiares cerca o incluso viven solas.\u00a0\u00a0<\/span><\/p>\n<p><span style=\"font-weight: 400;\">Gracias a los centros de d\u00eda, pueden:\u00a0<\/span><\/p>\n<ul>\n<li style=\"font-weight: 400;\" aria-level=\"1\"><span style=\"font-weight: 400;\">Relacionarse con otras personas<\/span><\/li>\n<li style=\"font-weight: 400;\" aria-level=\"1\"><span style=\"font-weight: 400;\">Compartir experiencias<\/span><\/li>\n<li style=\"font-weight: 400;\" aria-level=\"1\"><span style=\"font-weight: 400;\">Participar en actividades grupales<\/span><\/li>\n<\/ul>\n<p><span style=\"font-weight: 400;\">Y este contacto social es fundamental para mejorar el estado de \u00e1nimo, reforzar su autoestima y prevenir la soledad no deseada.<\/span><\/p>\n<h2><b>Un paso que facilita el futuro, si fuera necesario<\/b><\/h2>\n<p><span style=\"font-weight: 400;\">En algunos casos, con el tiempo puede ser necesario que la persona mayor pase a <a href=\"https:\/\/rubisocial.bcnapps.es\/es\/2025\/10\/23\/4-consejos-para-preparar-la-entrada-a-una-residencia-de-mayores\/\" target=\"_blank\" rel=\"noopener\">vivir en nuestra residencia<\/a>.<\/span><\/p>\n<p><span style=\"font-weight: 400;\">En estos casos, el cambio suele ser mucho m\u00e1s f\u00e1cil porque el futuro residente:<\/span><\/p>\n<ul>\n<li style=\"font-weight: 400;\" aria-level=\"1\"><span style=\"font-weight: 400;\">Ya conoce los espacios<\/span><\/li>\n<li style=\"font-weight: 400;\" aria-level=\"1\"><span style=\"font-weight: 400;\">Ya conoce al equipo<\/span><\/li>\n<li style=\"font-weight: 400;\" aria-level=\"1\"><span style=\"font-weight: 400;\">Ya ha creado v\u00ednculos<\/span><\/li>\n<\/ul>\n<p><span style=\"font-weight: 400;\">Todo ello contribuye a reducir la sensaci\u00f3n de incertidumbre y ganar confianza y seguridad, pues la adaptaci\u00f3n suele ser m\u00e1s tranquila y progresiva.\u00a0<\/span><\/p>\n<p><span style=\"font-weight: 400;\">En resumen, podemos decir que el centro de d\u00eda es mucho m\u00e1s que un recurso asistencial. Es una soluci\u00f3n que permite combinar autonom\u00eda, cuidado, actividad y bienestar.<\/span><\/p>\n<p><span style=\"font-weight: 400;\">Si quieres saber m\u00e1s sobre nuestro centro de d\u00eda o conocer c\u00f3mo podemos ayudarte, estaremos encantados de atenderte.<\/span><\/p>\n","protected":false},"excerpt":{"rendered":"<p>Con el paso de los a\u00f1os, muchas familias se encuentran en una situaci\u00f3n com\u00fan: quieren que sus mayores sigan viviendo [&hellip;]<\/p>\n","protected":false},"author":2,"featured_media":2626,"comment_status":"closed","ping_status":"closed","sticky":false,"template":"","format":"standard","meta":{"_exactmetrics_skip_tracking":false,"_exactmetrics_sitenote_active":false,"_exactmetrics_sitenote_note":"","_exactmetrics_sitenote_category":0,"footnotes":""},"categories":[13],"tags":[52,330,331,332],"class_list":["post-2800","post","type-post","status-publish","format-standard","has-post-thumbnail","hentry","category-informacion-y-novedades-de-centro","tag-personas-mayores","tag-centro-de-dia","tag-conciliacion","tag-familias"],"_links":{"self":[{"href":"https:\/\/rubisocial.bcnapps.es\/es\/wp-json\/wp\/v2\/posts\/2800","targetHints":{"allow":["GET"]}}],"collection":[{"href":"https:\/\/rubisocial.bcnapps.es\/es\/wp-json\/wp\/v2\/posts"}],"about":[{"href":"https:\/\/rubisocial.bcnapps.es\/es\/wp-json\/wp\/v2\/types\/post"}],"author":[{"embeddable":true,"href":"https:\/\/rubisocial.bcnapps.es\/es\/wp-json\/wp\/v2\/users\/2"}],"replies":[{"embeddable":true,"href":"https:\/\/rubisocial.bcnapps.es\/es\/wp-json\/wp\/v2\/comments?post=2800"}],"version-history":[{"count":1,"href":"https:\/\/rubisocial.bcnapps.es\/es\/wp-json\/wp\/v2\/posts\/2800\/revisions"}],"predecessor-version":[{"id":2804,"href":"https:\/\/rubisocial.bcnapps.es\/es\/wp-json\/wp\/v2\/posts\/2800\/revisions\/2804"}],"wp:featuredmedia":[{"embeddable":true,"href":"https:\/\/rubisocial.bcnapps.es\/es\/wp-json\/wp\/v2\/media\/2626"}],"wp:attachment":[{"href":"https:\/\/rubisocial.bcnapps.es\/es\/wp-json\/wp\/v2\/media?parent=2800"}],"wp:term":[{"taxonomy":"category","embeddable":true,"href":"https:\/\/rubisocial.bcnapps.es\/es\/wp-json\/wp\/v2\/categories?post=2800"},{"taxonomy":"post_tag","embeddable":true,"href":"https:\/\/rubisocial.bcnapps.es\/es\/wp-json\/wp\/v2\/tags?post=2800"}],"curies":[{"name":"wp","href":"https:\/\/api.w.org\/{rel}","templated":true}]}}