{"id":2753,"date":"2025-12-31T13:07:55","date_gmt":"2025-12-31T12:07:55","guid":{"rendered":"https:\/\/rubisocial.bcnapps.es\/?p=2753"},"modified":"2026-01-07T13:09:21","modified_gmt":"2026-01-07T12:09:21","slug":"2025-el-cel-rubi-avances-comunidad-proyectos","status":"publish","type":"post","link":"https:\/\/rubisocial.bcnapps.es\/es\/2025\/12\/31\/2025-el-cel-rubi-avances-comunidad-proyectos\/","title":{"rendered":"2025 en El Cel Rub\u00ed: un a\u00f1o de avances, comunidad y nuevos proyectos"},"content":{"rendered":"<p dir=\"ltr\" style=\"line-height: 1.38; margin-top: 12pt; margin-bottom: 12pt;\"><span style=\"font-size: 11pt; font-family: Arial,sans-serif; color: #222222; background-color: #ffffff; font-weight: 400; font-style: normal; font-variant: normal; text-decoration: none; vertical-align: baseline; white-space: pre-wrap;\">Cada a\u00f1o nos deja aprendizajes, retos y tambi\u00e9n muchos momentos para celebrar. En <\/span><span style=\"font-size: 11pt; font-family: Arial,sans-serif; color: #222222; background-color: #ffffff; font-weight: bold; font-style: normal; font-variant: normal; text-decoration: none; vertical-align: baseline; white-space: pre-wrap;\">El Cel Rub\u00ed<\/span><span style=\"font-size: 11pt; font-family: Arial,sans-serif; color: #222222; background-color: #ffffff; font-weight: 400; font-style: normal; font-variant: normal; text-decoration: none; vertical-align: baseline; white-space: pre-wrap;\">, 2025 ha sido un a\u00f1o muy emocionante y que ha tenido un poco de todo: reflexi\u00f3n, mejora continua y nuevas iniciativas que ponen de manifiesto nuestro compromiso con un modelo de cuidado m\u00e1s humano, participativo y centrado en las personas.<\/span><\/p>\n<p dir=\"ltr\" style=\"line-height: 1.38; margin-top: 12pt; margin-bottom: 12pt;\"><span style=\"font-size: 11pt; font-family: Arial,sans-serif; color: #222222; background-color: #ffffff; font-weight: 400; font-style: normal; font-variant: normal; text-decoration: none; vertical-align: baseline; white-space: pre-wrap;\">Hoy queremos compartir algunos de los <\/span><span style=\"font-size: 11pt; font-family: Arial,sans-serif; color: #222222; background-color: #ffffff; font-weight: bold; font-style: normal; font-variant: normal; text-decoration: none; vertical-align: baseline; white-space: pre-wrap;\">hitos y logros m\u00e1s relevantes de 2025<\/span><span style=\"font-size: 11pt; font-family: Arial,sans-serif; color: #222222; background-color: #ffffff; font-weight: 400; font-style: normal; font-variant: normal; text-decoration: none; vertical-align: baseline; white-space: pre-wrap;\">, aquellos que han marcado el d\u00eda a d\u00eda de la residencia y que, aunque a veces no se vean, nos animan a seguir trabajando, mejorando y cuidando con ilusi\u00f3n y motivaci\u00f3n.<\/span><\/p>\n<h2 dir=\"ltr\" style=\"line-height: 1.38; margin-top: 18pt; margin-bottom: 4pt;\"><span style=\"font-size: 17pt; font-family: Arial,sans-serif; color: #222222; background-color: #ffffff; font-weight: bold; font-style: normal; font-variant: normal; text-decoration: none; vertical-align: baseline; white-space: pre-wrap;\">Certificando nuestra Atenci\u00f3n Centrada en la Persona (ACP)<\/span><\/h2>\n<p dir=\"ltr\" style=\"line-height: 1.38; margin-top: 12pt; margin-bottom: 12pt;\"><span style=\"font-size: 11pt; font-family: Arial,sans-serif; color: #222222; background-color: #ffffff; font-weight: 400; font-style: normal; font-variant: normal; text-decoration: none; vertical-align: baseline; white-space: pre-wrap;\">Uno de los hitos m\u00e1s importantes del a\u00f1o ha sido la <\/span><span style=\"font-size: 11pt; font-family: Arial,sans-serif; color: #222222; background-color: #ffffff; font-weight: bold; font-style: normal; font-variant: normal; text-decoration: none; vertical-align: baseline; white-space: pre-wrap;\">auditor\u00eda de Atenci\u00f3n Centrada en la Persona (ACP) con SUMAR \u2013 Generalitat de Catalunya<\/span><span style=\"font-size: 11pt; font-family: Arial,sans-serif; color: #222222; background-color: #ffffff; font-weight: 400; font-style: normal; font-variant: normal; text-decoration: none; vertical-align: baseline; white-space: pre-wrap;\">.<\/span><\/p>\n<p dir=\"ltr\" style=\"line-height: 1.38; margin-top: 12pt; margin-bottom: 12pt;\"><span style=\"font-size: 11pt; font-family: Arial,sans-serif; color: #222222; background-color: #ffffff; font-weight: 400; font-style: normal; font-variant: normal; text-decoration: none; vertical-align: baseline; white-space: pre-wrap;\">Este proceso nos ha permitido revisar en profundidad nuestros procedimientos, din\u00e1micas de trabajo y formas de acompa\u00f1ar a las personas mayores.\u00a0<\/span><\/p>\n<p dir=\"ltr\" style=\"line-height: 1.38; margin-top: 12pt; margin-bottom: 12pt;\"><span style=\"font-size: 11pt; font-family: Arial,sans-serif; color: #222222; background-color: #ffffff; font-weight: 400; font-style: normal; font-variant: normal; text-decoration: none; vertical-align: baseline; white-space: pre-wrap;\">Desde El Cel Rub\u00ed no queremos \u00fanicamente cumplir con unos est\u00e1ndares, sino cuestionarnos c\u00f3mo podemos <\/span><span style=\"font-size: 11pt; font-family: Arial,sans-serif; color: #222222; background-color: #ffffff; font-weight: bold; font-style: normal; font-variant: normal; text-decoration: none; vertical-align: baseline; white-space: pre-wrap;\">poner a\u00fan m\u00e1s a la persona en el centro de todas las decisiones<\/span><span style=\"font-size: 11pt; font-family: Arial,sans-serif; color: #222222; background-color: #ffffff; font-weight: 400; font-style: normal; font-variant: normal; text-decoration: none; vertical-align: baseline; white-space: pre-wrap;\">, respetando su historia de vida, sus preferencias y su autonom\u00eda.<\/span><\/p>\n<p dir=\"ltr\" style=\"line-height: 1.38; margin-top: 12pt; margin-bottom: 12pt;\"><span style=\"font-size: 11pt; font-family: Arial,sans-serif; color: #222222; background-color: #ffffff; font-weight: 400; font-style: normal; font-variant: normal; text-decoration: none; vertical-align: baseline; white-space: pre-wrap;\">La auditor\u00eda ha sido, sobre todo, una oportunidad de aprendizaje colectivo para el equipo y un paso firme hacia un modelo de cuidado m\u00e1s personalizado, coherente y respetuoso.<\/span><\/p>\n<h3 dir=\"ltr\" style=\"line-height: 1.38; margin-top: 16pt; margin-bottom: 4pt;\"><span style=\"font-size: 13.999999999999998pt; font-family: Arial,sans-serif; color: #434343; background-color: transparent; font-weight: 400; font-style: normal; font-variant: normal; text-decoration: none; vertical-align: baseline; white-space: pre-wrap;\">Primeros cambios visibles orientados a la ACP<\/span><\/h3>\n<p dir=\"ltr\" style=\"line-height: 1.38; margin-top: 12pt; margin-bottom: 12pt;\"><span style=\"font-size: 11pt; font-family: Arial,sans-serif; color: #222222; background-color: #ffffff; font-weight: 400; font-style: normal; font-variant: normal; text-decoration: none; vertical-align: baseline; white-space: pre-wrap;\">Este trabajo no se ha quedado solo en lo te\u00f3rico. A lo largo de 2025 ya hemos empezado a ver <\/span><span style=\"font-size: 11pt; font-family: Arial,sans-serif; color: #222222; background-color: #ffffff; font-weight: bold; font-style: normal; font-variant: normal; text-decoration: none; vertical-align: baseline; white-space: pre-wrap;\">cambios tangibles en los espacios y en el d\u00eda a d\u00eda del centro<\/span><span style=\"font-size: 11pt; font-family: Arial,sans-serif; color: #222222; background-color: #ffffff; font-weight: 400; font-style: normal; font-variant: normal; text-decoration: none; vertical-align: baseline; white-space: pre-wrap;\">, alineados con nuestra filosof\u00eda de Atenci\u00f3n Centrada en la Persona.<\/span><\/p>\n<p dir=\"ltr\" style=\"line-height: 1.38; margin-top: 12pt; margin-bottom: 12pt;\"><span style=\"font-size: 11pt; font-family: Arial,sans-serif; color: #222222; background-color: #ffffff; font-weight: 400; font-style: normal; font-variant: normal; text-decoration: none; vertical-align: baseline; white-space: pre-wrap;\">Uno de los ejemplos m\u00e1s representativos es la <\/span><span style=\"font-size: 11pt; font-family: Arial,sans-serif; color: #222222; background-color: #ffffff; font-weight: bold; font-style: normal; font-variant: normal; text-decoration: none; vertical-align: baseline; white-space: pre-wrap;\">nueva cocinita<\/span><span style=\"font-size: 11pt; font-family: Arial,sans-serif; color: #222222; background-color: #ffffff; font-weight: 400; font-style: normal; font-variant: normal; text-decoration: none; vertical-align: baseline; white-space: pre-wrap;\">, un espacio pensado para fomentar la autonom\u00eda, la participaci\u00f3n y un ambiente m\u00e1s hogare\u00f1o.\u00a0<\/span><\/p>\n<p dir=\"ltr\" style=\"line-height: 1.38; margin-top: 12pt; margin-bottom: 12pt;\"><span style=\"font-size: 11pt; font-family: Arial,sans-serif; color: #222222; background-color: #ffffff; font-weight: 400; font-style: normal; font-variant: normal; text-decoration: none; vertical-align: baseline; white-space: pre-wrap;\">Este rinc\u00f3n permite que nuestros residentes puedan implicarse en peque\u00f1as tareas cotidianas, compartir momentos y sentirse m\u00e1s conectados con rutinas significativas.<\/span><\/p>\n<p dir=\"ltr\" style=\"line-height: 1.38; margin-top: 12pt; margin-bottom: 12pt;\"><span style=\"font-size: 11pt; font-family: Arial,sans-serif; color: #222222; background-color: #ffffff; font-weight: 400; font-style: normal; font-variant: normal; text-decoration: none; vertical-align: baseline; white-space: pre-wrap;\">Porque cuidar tambi\u00e9n es crear espacios que se parezcan a un hogar y que inviten a participar, no solo a recibir.<\/span><\/p>\n<p dir=\"ltr\" style=\"line-height: 1.38; margin-top: 0pt; margin-bottom: 0pt;\"><span style=\"font-size: 17pt; font-family: Arial,sans-serif; color: #222222; background-color: #ffffff; font-weight: bold; font-style: normal; font-variant: normal; text-decoration: none; vertical-align: baseline; white-space: pre-wrap;\">Fiesta de la Familia 2025<\/span><\/p>\n<p dir=\"ltr\" style=\"line-height: 1.38; margin-top: 12pt; margin-bottom: 12pt;\"><span style=\"font-size: 11pt; font-family: Arial,sans-serif; color: #222222; background-color: #ffffff; font-weight: 400; font-style: normal; font-variant: normal; text-decoration: none; vertical-align: baseline; white-space: pre-wrap;\">Si hay un momento que resume el esp\u00edritu de comunidad de El Cel Rub\u00ed, ese fue la <\/span><span style=\"font-size: 11pt; font-family: Arial,sans-serif; color: #222222; background-color: #ffffff; font-weight: bold; font-style: normal; font-variant: normal; text-decoration: none; vertical-align: baseline; white-space: pre-wrap;\">Fiesta de la Familia 2025<\/span><span style=\"font-size: 11pt; font-family: Arial,sans-serif; color: #222222; background-color: #ffffff; font-weight: 400; font-style: normal; font-variant: normal; text-decoration: none; vertical-align: baseline; white-space: pre-wrap;\">.<\/span><\/p>\n<p dir=\"ltr\" style=\"line-height: 1.38; margin-top: 12pt; margin-bottom: 12pt;\"><span style=\"font-size: 11pt; font-family: Arial,sans-serif; color: #222222; background-color: #ffffff; font-weight: 400; font-style: normal; font-variant: normal; text-decoration: none; vertical-align: baseline; white-space: pre-wrap;\">Una jornada muy especial en la que residentes, familias y equipo compartimos actuaciones, risas y mucha emoci\u00f3n. La alta participaci\u00f3n y la implicaci\u00f3n de todos los asistentes nos recordaron algo fundamental: <\/span><span style=\"font-size: 11pt; font-family: Arial,sans-serif; color: #222222; background-color: #ffffff; font-weight: bold; font-style: normal; font-variant: normal; text-decoration: none; vertical-align: baseline; white-space: pre-wrap;\">el cuidado no se construye en solitario<\/span><span style=\"font-size: 11pt; font-family: Arial,sans-serif; color: #222222; background-color: #ffffff; font-weight: 400; font-style: normal; font-variant: normal; text-decoration: none; vertical-align: baseline; white-space: pre-wrap;\">, sino en red.<\/span><\/p>\n<p dir=\"ltr\" style=\"line-height: 1.38; margin-top: 12pt; margin-bottom: 12pt;\"><span style=\"font-size: 11pt; font-family: Arial,sans-serif; color: #222222; background-color: #ffffff; font-weight: 400; font-style: normal; font-variant: normal; text-decoration: none; vertical-align: baseline; white-space: pre-wrap;\">Este tipo de encuentros refuerzan los v\u00ednculos afectivos, generan recuerdos compartidos y convierten la residencia en un espacio vivo, donde las familias siguen formando parte activa del d\u00eda a d\u00eda.<\/span><\/p>\n<p dir=\"ltr\" style=\"line-height: 1.38; margin-top: 0pt; margin-bottom: 0pt;\"><span style=\"font-size: 17pt; font-family: Arial,sans-serif; color: #222222; background-color: #ffffff; font-weight: bold; font-style: normal; font-variant: normal; text-decoration: none; vertical-align: baseline; white-space: pre-wrap;\">Nuevas actividades significativas y m\u00e1s personalizadas<\/span><\/p>\n<p dir=\"ltr\" style=\"line-height: 1.38; margin-top: 12pt; margin-bottom: 12pt;\"><span style=\"font-size: 11pt; font-family: Arial,sans-serif; color: #222222; background-color: #ffffff; font-weight: 400; font-style: normal; font-variant: normal; text-decoration: none; vertical-align: baseline; white-space: pre-wrap;\">En 2025 hemos seguido apostando por <\/span><span style=\"font-size: 11pt; font-family: Arial,sans-serif; color: #222222; background-color: #ffffff; font-weight: bold; font-style: normal; font-variant: normal; text-decoration: none; vertical-align: baseline; white-space: pre-wrap;\">actividades con sentido<\/span><span style=\"font-size: 11pt; font-family: Arial,sans-serif; color: #222222; background-color: #ffffff; font-weight: 400; font-style: normal; font-variant: normal; text-decoration: none; vertical-align: baseline; white-space: pre-wrap;\">, que conecten con los intereses reales de las personas que viven en nuestra residencia.<\/span><\/p>\n<p dir=\"ltr\" style=\"line-height: 1.38; margin-top: 12pt; margin-bottom: 12pt;\"><span style=\"font-size: 11pt; font-family: Arial,sans-serif; color: #222222; background-color: #ffffff; font-weight: 400; font-style: normal; font-variant: normal; text-decoration: none; vertical-align: baseline; white-space: pre-wrap;\">Un ejemplo precioso ha sido la creaci\u00f3n del <\/span><span style=\"font-size: 11pt; font-family: Arial,sans-serif; color: #222222; background-color: #ffffff; font-weight: bold; font-style: normal; font-variant: normal; text-decoration: none; vertical-align: baseline; white-space: pre-wrap;\">rinc\u00f3n de lectura<\/span><span style=\"font-size: 11pt; font-family: Arial,sans-serif; color: #222222; background-color: #ffffff; font-weight: 400; font-style: normal; font-variant: normal; text-decoration: none; vertical-align: baseline; white-space: pre-wrap;\">, dinamizado por la hija de una usuaria. Gracias a su implicaci\u00f3n, se ha generado un espacio c\u00e1lido, tranquilo y muy acogedor, donde leer, compartir historias o simplemente disfrutar de un momento de calma.<\/span><\/p>\n<p dir=\"ltr\" style=\"line-height: 1.38; margin-top: 12pt; margin-bottom: 12pt;\"><span style=\"font-size: 11pt; font-family: Arial,sans-serif; color: #222222; background-color: #ffffff; font-weight: 400; font-style: normal; font-variant: normal; text-decoration: none; vertical-align: baseline; white-space: pre-wrap;\">Este tipo de iniciativas nos recuerdan la importancia de abrir la residencia a las familias y de construir actividades desde la colaboraci\u00f3n, el cari\u00f1o y la creatividad.<\/span><\/p>\n<p dir=\"ltr\" style=\"line-height: 1.38; margin-top: 0pt; margin-bottom: 0pt;\"><span style=\"font-size: 17pt; font-family: Arial,sans-serif; color: #222222; background-color: #ffffff; font-weight: bold; font-style: normal; font-variant: normal; text-decoration: none; vertical-align: baseline; white-space: pre-wrap;\">Nuevos proyectos en marcha: un podcast con voz propia<\/span><\/p>\n<p dir=\"ltr\" style=\"line-height: 1.38; margin-top: 12pt; margin-bottom: 12pt;\"><span style=\"font-size: 11pt; font-family: Arial,sans-serif; color: #222222; background-color: #ffffff; font-weight: 400; font-style: normal; font-variant: normal; text-decoration: none; vertical-align: baseline; white-space: pre-wrap;\">Mirando hacia el futuro, 2025 tambi\u00e9n ha sido un a\u00f1o de <\/span><span style=\"font-size: 11pt; font-family: Arial,sans-serif; color: #222222; background-color: #ffffff; font-weight: bold; font-style: normal; font-variant: normal; text-decoration: none; vertical-align: baseline; white-space: pre-wrap;\">nuevas ideas y proyectos ilusionantes<\/span><span style=\"font-size: 11pt; font-family: Arial,sans-serif; color: #222222; background-color: #ffffff; font-weight: 400; font-style: normal; font-variant: normal; text-decoration: none; vertical-align: baseline; white-space: pre-wrap;\">.\u00a0<\/span><\/p>\n<p dir=\"ltr\" style=\"line-height: 1.38; margin-top: 12pt; margin-bottom: 12pt;\"><span style=\"font-size: 11pt; font-family: Arial,sans-serif; color: #222222; background-color: #ffffff; font-weight: 400; font-style: normal; font-variant: normal; text-decoration: none; vertical-align: baseline; white-space: pre-wrap;\">Uno de los m\u00e1s destacados es el inicio de nuestro <\/span><span style=\"font-size: 11pt; font-family: Arial,sans-serif; color: #222222; background-color: #ffffff; font-weight: bold; font-style: normal; font-variant: normal; text-decoration: none; vertical-align: baseline; white-space: pre-wrap;\">propio podcast<\/span><span style=\"font-size: 11pt; font-family: Arial,sans-serif; color: #222222; background-color: #ffffff; font-weight: 400; font-style: normal; font-variant: normal; text-decoration: none; vertical-align: baseline; white-space: pre-wrap;\">.<\/span><\/p>\n<p dir=\"ltr\" style=\"line-height: 1.38; margin-top: 12pt; margin-bottom: 12pt;\"><span style=\"font-size: 11pt; font-family: Arial,sans-serif; color: #222222; background-color: #ffffff; font-weight: 400; font-style: normal; font-variant: normal; text-decoration: none; vertical-align: baseline; white-space: pre-wrap;\">En este espacio los residentes podr\u00e1n compartir recuerdos, historias de vida, experiencias y reflexiones. Porque cada persona tiene una voz, una historia valiosa y mucho que contar. Este proyecto no solo fomenta la expresi\u00f3n y la estimulaci\u00f3n cognitiva, sino que tambi\u00e9n nos permite preservar memorias y fortalecer el sentimiento de identidad y pertenencia.<\/span><\/p>\n<p dir=\"ltr\" style=\"line-height: 1.38; margin-top: 12pt; margin-bottom: 12pt;\"><span style=\"font-size: 11pt; font-family: Arial,sans-serif; color: #222222; background-color: #ffffff; font-weight: 400; font-style: normal; font-variant: normal; text-decoration: none; vertical-align: baseline; white-space: pre-wrap;\">Estamos convencidos de que ser\u00e1 un proyecto muy especial.<\/span><\/p>\n<p dir=\"ltr\" style=\"line-height: 1.38; margin-top: 0pt; margin-bottom: 0pt;\"><span style=\"font-size: 17pt; font-family: Arial,sans-serif; color: #222222; background-color: #ffffff; font-weight: bold; font-style: normal; font-variant: normal; text-decoration: none; vertical-align: baseline; white-space: pre-wrap;\">Salidas que enriquecen y conectan con el entorno<\/span><\/p>\n<p dir=\"ltr\" style=\"line-height: 1.38; margin-top: 12pt; margin-bottom: 12pt;\"><span style=\"font-size: 11pt; font-family: Arial,sans-serif; color: #222222; background-color: #ffffff; font-weight: 400; font-style: normal; font-variant: normal; text-decoration: none; vertical-align: baseline; white-space: pre-wrap;\">Las actividades fuera del centro han seguido siendo una parte fundamental de nuestro modelo de bienestar. En 2025 hemos mantenido <\/span><span style=\"font-size: 11pt; font-family: Arial,sans-serif; color: #222222; background-color: #ffffff; font-weight: bold; font-style: normal; font-variant: normal; text-decoration: none; vertical-align: baseline; white-space: pre-wrap;\">salidas que aportan alegr\u00eda, estimulaci\u00f3n y conexi\u00f3n con el entorno<\/span><span style=\"font-size: 11pt; font-family: Arial,sans-serif; color: #222222; background-color: #ffffff; font-weight: 400; font-style: normal; font-variant: normal; text-decoration: none; vertical-align: baseline; white-space: pre-wrap;\">:<\/span><\/p>\n<ul style=\"margin-top: 0; margin-bottom: 0; padding-inline-start: 48px;\">\n<li dir=\"ltr\" style=\"list-style-type: disc; font-size: 11pt; font-family: Arial,sans-serif; color: #222222; background-color: transparent; font-weight: 400; font-style: normal; font-variant: normal; text-decoration: none; vertical-align: baseline; white-space: pre;\" aria-level=\"1\">\n<p dir=\"ltr\" style=\"line-height: 1.38; margin-top: 12pt; margin-bottom: 0pt;\" role=\"presentation\"><span style=\"font-size: 11pt; font-family: Arial,sans-serif; color: #222222; background-color: #ffffff; font-weight: bold; font-style: normal; font-variant: normal; text-decoration: none; vertical-align: baseline; white-space: pre-wrap;\">El paseo por el centro de Rub\u00ed en Sant Jordi<\/span><span style=\"font-size: 11pt; font-family: Arial,sans-serif; color: #222222; background-color: #ffffff; font-weight: 400; font-style: normal; font-variant: normal; text-decoration: none; vertical-align: baseline; white-space: pre-wrap;\">, para disfrutar de las paradas de libros y rosas, vivir el ambiente festivo y mantener el v\u00ednculo con la vida cultural y social del municipio.<\/span><\/p>\n<\/li>\n<li dir=\"ltr\" style=\"list-style-type: disc; font-size: 11pt; font-family: Arial,sans-serif; color: #222222; background-color: transparent; font-weight: 400; font-style: normal; font-variant: normal; text-decoration: none; vertical-align: baseline; white-space: pre;\" aria-level=\"1\">\n<p dir=\"ltr\" style=\"line-height: 1.38; margin-top: 0pt; margin-bottom: 12pt;\" role=\"presentation\"><span style=\"font-size: 11pt; font-family: Arial,sans-serif; color: #222222; background-color: #ffffff; font-weight: bold; font-style: normal; font-variant: normal; text-decoration: none; vertical-align: baseline; white-space: pre-wrap;\">La tradicional salida a la playa en verano<\/span><span style=\"font-size: 11pt; font-family: Arial,sans-serif; color: #222222; background-color: #ffffff; font-weight: 400; font-style: normal; font-variant: normal; text-decoration: none; vertical-align: baseline; white-space: pre-wrap;\">, uno de los momentos m\u00e1s esperados por los residentes, donde el mar, el paseo y el ambiente veraniego se convierten en una fuente de bienestar y recuerdos compartidos.<\/span><\/p>\n<\/li>\n<\/ul>\n<p dir=\"ltr\" style=\"line-height: 1.38; margin-top: 12pt; margin-bottom: 12pt;\"><span style=\"font-size: 11pt; font-family: Arial,sans-serif; color: #222222; background-color: #ffffff; font-weight: 400; font-style: normal; font-variant: normal; text-decoration: none; vertical-align: baseline; white-space: pre-wrap;\">Salidas como estas refuerzan la autonom\u00eda, rompen rutinas y nos recuerdan que la residencia forma parte activa de la comunidad.<\/span><\/p>\n<p dir=\"ltr\" style=\"line-height: 1.38; margin-top: 0pt; margin-bottom: 0pt;\"><span style=\"font-size: 17pt; font-family: Arial,sans-serif; color: #222222; background-color: #ffffff; font-weight: bold; font-style: normal; font-variant: normal; text-decoration: none; vertical-align: baseline; white-space: pre-wrap;\">Mirando hacia adelante<\/span><\/p>\n<p dir=\"ltr\" style=\"line-height: 1.38; margin-top: 12pt; margin-bottom: 12pt;\"><span style=\"font-size: 11pt; font-family: Arial,sans-serif; color: #222222; background-color: #ffffff; font-weight: 400; font-style: normal; font-variant: normal; text-decoration: none; vertical-align: baseline; white-space: pre-wrap;\">En definitiva, 2025 ha sido un a\u00f1o de peque\u00f1as grandes transformaciones y de proyectos que miran al futuro sin perder de vista lo esencial: <\/span><span style=\"font-size: 11pt; font-family: Arial,sans-serif; color: #222222; background-color: #ffffff; font-weight: bold; font-style: normal; font-variant: normal; text-decoration: none; vertical-align: baseline; white-space: pre-wrap;\">las personas que formamos parte de la residencia y que viven en ella<\/span><span style=\"font-size: 11pt; font-family: Arial,sans-serif; color: #222222; background-color: #ffffff; font-weight: 400; font-style: normal; font-variant: normal; text-decoration: none; vertical-align: baseline; white-space: pre-wrap;\">.<\/span><\/p>\n<p dir=\"ltr\" style=\"line-height: 1.38; margin-top: 12pt; margin-bottom: 12pt;\"><span style=\"font-size: 11pt; font-family: Arial,sans-serif; color: #222222; background-color: #ffffff; font-weight: 400; font-style: normal; font-variant: normal; text-decoration: none; vertical-align: baseline; white-space: pre-wrap;\">Seguiremos trabajando para consolidar la Atenci\u00f3n Centrada en la Persona, ampliar espacios de participaci\u00f3n, fortalecer los v\u00ednculos con las familias y crear nuevas oportunidades para que nuestros residentes sigan viviendo con sentido, dignidad y bienestar.<\/span><\/p>\n<p dir=\"ltr\" style=\"line-height: 1.38; margin-top: 12pt; margin-bottom: 12pt;\"><span style=\"font-size: 11pt; font-family: Arial,sans-serif; color: #222222; background-color: #ffffff; font-weight: 400; font-style: normal; font-variant: normal; text-decoration: none; vertical-align: baseline; white-space: pre-wrap;\">Gracias a todas las personas \u2014residentes, familias y equipo\u2014 que han hecho posible este camino compartido.<\/span><span style=\"font-size: 11pt; font-family: Arial,sans-serif; color: #222222; background-color: #ffffff; font-weight: 400; font-style: normal; font-variant: normal; text-decoration: none; vertical-align: baseline; white-space: pre-wrap;\"><\/p>\n<p><\/span><\/p>\n<p>&nbsp;<\/p>\n<p dir=\"ltr\" style=\"line-height: 1.38; margin-top: 12pt; margin-bottom: 12pt;\"><span style=\"font-size: 11pt; font-family: Arial,sans-serif; color: #222222; background-color: #ffffff; font-weight: 400; font-style: normal; font-variant: normal; text-decoration: none; vertical-align: baseline; white-space: pre-wrap;\">Recibimos el 2026 con nuevos retos\u2026 \u00a1y muchas ganas de seguir creciendo juntos! <\/span><\/p>\n","protected":false},"excerpt":{"rendered":"<p>Cada a\u00f1o nos deja aprendizajes, retos y tambi\u00e9n muchos momentos para celebrar. En El Cel Rub\u00ed, 2025 ha sido un [&hellip;]<\/p>\n","protected":false},"author":2,"featured_media":2664,"comment_status":"closed","ping_status":"closed","sticky":false,"template":"","format":"standard","meta":{"_exactmetrics_skip_tracking":false,"_exactmetrics_sitenote_active":false,"_exactmetrics_sitenote_note":"","_exactmetrics_sitenote_category":0,"footnotes":""},"categories":[13],"tags":[129,201,214,323],"class_list":["post-2753","post","type-post","status-publish","format-standard","has-post-thumbnail","hentry","category-informacion-y-novedades-de-centro","tag-el-cel-rubi-es","tag-bienestar","tag-cuidado-de-los-mayores","tag-atencion-temprana"],"_links":{"self":[{"href":"https:\/\/rubisocial.bcnapps.es\/es\/wp-json\/wp\/v2\/posts\/2753","targetHints":{"allow":["GET"]}}],"collection":[{"href":"https:\/\/rubisocial.bcnapps.es\/es\/wp-json\/wp\/v2\/posts"}],"about":[{"href":"https:\/\/rubisocial.bcnapps.es\/es\/wp-json\/wp\/v2\/types\/post"}],"author":[{"embeddable":true,"href":"https:\/\/rubisocial.bcnapps.es\/es\/wp-json\/wp\/v2\/users\/2"}],"replies":[{"embeddable":true,"href":"https:\/\/rubisocial.bcnapps.es\/es\/wp-json\/wp\/v2\/comments?post=2753"}],"version-history":[{"count":1,"href":"https:\/\/rubisocial.bcnapps.es\/es\/wp-json\/wp\/v2\/posts\/2753\/revisions"}],"predecessor-version":[{"id":2757,"href":"https:\/\/rubisocial.bcnapps.es\/es\/wp-json\/wp\/v2\/posts\/2753\/revisions\/2757"}],"wp:featuredmedia":[{"embeddable":true,"href":"https:\/\/rubisocial.bcnapps.es\/es\/wp-json\/wp\/v2\/media\/2664"}],"wp:attachment":[{"href":"https:\/\/rubisocial.bcnapps.es\/es\/wp-json\/wp\/v2\/media?parent=2753"}],"wp:term":[{"taxonomy":"category","embeddable":true,"href":"https:\/\/rubisocial.bcnapps.es\/es\/wp-json\/wp\/v2\/categories?post=2753"},{"taxonomy":"post_tag","embeddable":true,"href":"https:\/\/rubisocial.bcnapps.es\/es\/wp-json\/wp\/v2\/tags?post=2753"}],"curies":[{"name":"wp","href":"https:\/\/api.w.org\/{rel}","templated":true}]}}