{"id":2726,"date":"2025-11-27T07:47:54","date_gmt":"2025-11-27T06:47:54","guid":{"rendered":"https:\/\/rubisocial.bcnapps.es\/?p=2726"},"modified":"2025-11-26T12:00:22","modified_gmt":"2025-11-26T11:00:22","slug":"espacios-verdes-aire-libre-bienestar-mayores","status":"publish","type":"post","link":"https:\/\/rubisocial.bcnapps.es\/es\/2025\/11\/27\/espacios-verdes-aire-libre-bienestar-mayores\/","title":{"rendered":"Espacios verdes y al aire libre: su impacto en el bienestar de los mayores"},"content":{"rendered":"<p dir=\"ltr\" style=\"line-height: 1.38; margin-top: 12pt; margin-bottom: 12pt;\"><span style=\"font-size: 11pt; font-family: Arial,sans-serif; color: #000000; background-color: transparent; font-weight: 400; font-style: normal; font-variant: normal; text-decoration: none; vertical-align: baseline; white-space: pre-wrap;\">Seguro que lo has notado en alguna ocasi\u00f3n. Te has sentido estresado o agobiado y pasar el d\u00eda haciendo senderismo te ha hecho sentir mejor. Est\u00e1 demostrado: el contacto con la naturaleza es una de las mejores fuentes de bienestar en cualquier etapa de la vida. Sin embargo, para las personas mayores cobra un significado especial: aporta calma, mejora el estado de \u00e1nimo, favorece el movimiento y estimula emociones positivas.\u00a0<\/span><\/p>\n<p dir=\"ltr\" style=\"line-height: 1.38; margin-top: 12pt; margin-bottom: 12pt;\"><span style=\"font-size: 11pt; font-family: Arial,sans-serif; color: #000000; background-color: transparent; font-weight: 400; font-style: normal; font-variant: normal; text-decoration: none; vertical-align: baseline; white-space: pre-wrap;\">En <\/span><span style=\"font-size: 11pt; font-family: Arial,sans-serif; color: #000000; background-color: transparent; font-weight: bold; font-style: normal; font-variant: normal; text-decoration: none; vertical-align: baseline; white-space: pre-wrap;\">El Cel Rub\u00ed<\/span><span style=\"font-size: 11pt; font-family: Arial,sans-serif; color: #000000; background-color: transparent; font-weight: 400; font-style: normal; font-variant: normal; text-decoration: none; vertical-align: baseline; white-space: pre-wrap;\"> entendemos el bienestar desde una mirada integral. Por eso, los <\/span><span style=\"font-size: 11pt; font-family: Arial,sans-serif; color: #000000; background-color: transparent; font-weight: bold; font-style: normal; font-variant: normal; text-decoration: none; vertical-align: baseline; white-space: pre-wrap;\">espacios verdes<\/span><span style=\"font-size: 11pt; font-family: Arial,sans-serif; color: #000000; background-color: transparent; font-weight: 400; font-style: normal; font-variant: normal; text-decoration: none; vertical-align: baseline; white-space: pre-wrap;\"> forman parte de nuestra residencia.\u00a0<\/span><\/p>\n<h2 dir=\"ltr\" style=\"line-height: 1.38; margin-top: 18pt; margin-bottom: 4pt;\"><span style=\"font-size: 17pt; font-family: Arial,sans-serif; color: #000000; background-color: transparent; font-weight: bold; font-style: normal; font-variant: normal; text-decoration: none; vertical-align: baseline; white-space: pre-wrap;\">Por qu\u00e9 los espacios verdes son tan importantes para los mayores<\/span><\/h2>\n<p dir=\"ltr\" style=\"line-height: 1.38; margin-top: 12pt; margin-bottom: 12pt;\"><span style=\"font-size: 11pt; font-family: Arial,sans-serif; color: #000000; background-color: transparent; font-weight: 400; font-style: normal; font-variant: normal; text-decoration: none; vertical-align: baseline; white-space: pre-wrap;\">Seg\u00fan el Instituto de Salud Global de Barcelona, <\/span><a style=\"text-decoration: none;\" href=\"https:\/\/www.isglobal.org\/-\/vivir-en-zonas-mas-verdes-se-asocia-con-una-mejor-salud-mental-y-menor-consumo-de-medicamentos\"><span style=\"font-size: 11pt; font-family: Arial,sans-serif; color: #1155cc; background-color: transparent; font-weight: 400; font-style: normal; font-variant: normal; text-decoration: underline; -webkit-text-decoration-skip: none; text-decoration-skip-ink: none; vertical-align: baseline; white-space: pre-wrap;\">vivir en contacto con zonas verdes est\u00e1 asociado a una mejor salud mental<\/span><\/a><span style=\"font-size: 11pt; font-family: Arial,sans-serif; color: #000000; background-color: transparent; font-weight: 400; font-style: normal; font-variant: normal; text-decoration: none; vertical-align: baseline; white-space: pre-wrap;\">.\u00a0<\/span><\/p>\n<p dir=\"ltr\" style=\"line-height: 1.38; margin-top: 12pt; margin-bottom: 12pt;\"><span style=\"font-size: 11pt; font-family: Arial,sans-serif; color: #000000; background-color: transparent; font-weight: 400; font-style: normal; font-variant: normal; text-decoration: none; vertical-align: baseline; white-space: pre-wrap;\">De hecho, como dec\u00edamos, los espacios verdes reducen el estr\u00e9s, mejoran el estado de \u00e1nimo y fomentan la actividad f\u00edsica ligera, algo que es fundamental en la tercera edad. En concreto, estos son algunos de los beneficios m\u00e1s reconocidos:\u00a0<\/span><\/p>\n<ul style=\"margin-top: 0; margin-bottom: 0; padding-inline-start: 48px;\">\n<li dir=\"ltr\" style=\"list-style-type: disc; font-size: 11pt; font-family: Arial,sans-serif; color: #000000; background-color: transparent; font-weight: 400; font-style: normal; font-variant: normal; text-decoration: none; vertical-align: baseline; white-space: pre;\" aria-level=\"1\">\n<p dir=\"ltr\" style=\"line-height: 1.38; margin-top: 12pt; margin-bottom: 0pt;\" role=\"presentation\"><span style=\"font-size: 11pt; font-family: Arial,sans-serif; color: #000000; background-color: transparent; font-weight: 400; font-style: normal; font-variant: normal; text-decoration: none; vertical-align: baseline; white-space: pre-wrap;\">Reducci\u00f3n del estr\u00e9s y la ansiedad<\/span><\/p>\n<\/li>\n<li dir=\"ltr\" style=\"list-style-type: disc; font-size: 11pt; font-family: Arial,sans-serif; color: #000000; background-color: transparent; font-weight: 400; font-style: normal; font-variant: normal; text-decoration: none; vertical-align: baseline; white-space: pre;\" aria-level=\"1\">\n<p dir=\"ltr\" style=\"line-height: 1.38; margin-top: 0pt; margin-bottom: 0pt;\" role=\"presentation\"><span style=\"font-size: 11pt; font-family: Arial,sans-serif; color: #000000; background-color: transparent; font-weight: 400; font-style: normal; font-variant: normal; text-decoration: none; vertical-align: baseline; white-space: pre-wrap;\">Mejora del sue\u00f1o y regulaci\u00f3n del ritmo circadiano<\/span><\/p>\n<\/li>\n<li dir=\"ltr\" style=\"list-style-type: disc; font-size: 11pt; font-family: Arial,sans-serif; color: #000000; background-color: transparent; font-weight: 400; font-style: normal; font-variant: normal; text-decoration: none; vertical-align: baseline; white-space: pre;\" aria-level=\"1\">\n<p dir=\"ltr\" style=\"line-height: 1.38; margin-top: 0pt; margin-bottom: 0pt;\" role=\"presentation\"><span style=\"font-size: 11pt; font-family: Arial,sans-serif; color: #000000; background-color: transparent; font-weight: 400; font-style: normal; font-variant: normal; text-decoration: none; vertical-align: baseline; white-space: pre-wrap;\">Aumento de la actividad f\u00edsica, incluso en niveles moderados<\/span><\/p>\n<\/li>\n<li dir=\"ltr\" style=\"list-style-type: disc; font-size: 11pt; font-family: Arial,sans-serif; color: #000000; background-color: transparent; font-weight: 400; font-style: normal; font-variant: normal; text-decoration: none; vertical-align: baseline; white-space: pre;\" aria-level=\"1\">\n<p dir=\"ltr\" style=\"line-height: 1.38; margin-top: 0pt; margin-bottom: 0pt;\" role=\"presentation\"><span style=\"font-size: 11pt; font-family: Arial,sans-serif; color: #000000; background-color: transparent; font-weight: 400; font-style: normal; font-variant: normal; text-decoration: none; vertical-align: baseline; white-space: pre-wrap;\">Est\u00edmulo cognitivo (observaci\u00f3n, memoria, conversaci\u00f3n sobre plantas o colores)<\/span><\/p>\n<\/li>\n<li dir=\"ltr\" style=\"list-style-type: disc; font-size: 11pt; font-family: Arial,sans-serif; color: #000000; background-color: transparent; font-weight: 400; font-style: normal; font-variant: normal; text-decoration: none; vertical-align: baseline; white-space: pre;\" aria-level=\"1\">\n<p dir=\"ltr\" style=\"line-height: 1.38; margin-top: 0pt; margin-bottom: 0pt;\" role=\"presentation\"><span style=\"font-size: 11pt; font-family: Arial,sans-serif; color: #000000; background-color: transparent; font-weight: 400; font-style: normal; font-variant: normal; text-decoration: none; vertical-align: baseline; white-space: pre-wrap;\">Fortalecimiento del sistema inmunol\u00f3gico<\/span><\/p>\n<\/li>\n<li dir=\"ltr\" style=\"list-style-type: disc; font-size: 11pt; font-family: Arial,sans-serif; color: #000000; background-color: transparent; font-weight: 400; font-style: normal; font-variant: normal; text-decoration: none; vertical-align: baseline; white-space: pre;\" aria-level=\"1\">\n<p dir=\"ltr\" style=\"line-height: 1.38; margin-top: 0pt; margin-bottom: 12pt;\" role=\"presentation\"><span style=\"font-size: 11pt; font-family: Arial,sans-serif; color: #000000; background-color: transparent; font-weight: 400; font-style: normal; font-variant: normal; text-decoration: none; vertical-align: baseline; white-space: pre-wrap;\">Mayor interacci\u00f3n social y bienestar emocional<\/span><span style=\"font-size: 11pt; font-family: Arial,sans-serif; color: #000000; background-color: transparent; font-weight: bold; font-style: normal; font-variant: normal; text-decoration: none; vertical-align: baseline; white-space: pre-wrap;\"><br \/>\n<\/span><\/p>\n<\/li>\n<\/ul>\n<p dir=\"ltr\" style=\"line-height: 1.38; margin-top: 12pt; margin-bottom: 12pt;\"><span style=\"font-size: 11pt; font-family: Arial,sans-serif; color: #000000; background-color: transparent; font-weight: 400; font-style: normal; font-variant: normal; text-decoration: none; vertical-align: baseline; white-space: pre-wrap;\">Para las personas mayores, que a menudo por su edad y estado f\u00edsico o mental suelen pasar m\u00e1s tiempo en interiores, contar con un jard\u00edn o una terraza al aire libre como la que tenemos en El Cel Rub\u00ed marca la diferencia en su calidad de vida.\u00a0<\/span><\/p>\n<h2 dir=\"ltr\" style=\"line-height: 1.38; margin-top: 18pt; margin-bottom: 4pt;\"><span style=\"font-size: 17pt; font-family: Arial,sans-serif; color: #000000; background-color: transparent; font-weight: bold; font-style: normal; font-variant: normal; text-decoration: none; vertical-align: baseline; white-space: pre-wrap;\">La biofilia o por qu\u00e9 necesitamos naturaleza<\/span><\/h2>\n<p dir=\"ltr\" style=\"line-height: 1.38; margin-top: 12pt; margin-bottom: 12pt;\"><span style=\"font-size: 11pt; font-family: Arial,sans-serif; color: #000000; background-color: transparent; font-weight: 400; font-style: normal; font-variant: normal; text-decoration: none; vertical-align: baseline; white-space: pre-wrap;\">El concepto de <\/span><span style=\"font-size: 11pt; font-family: Arial,sans-serif; color: #000000; background-color: transparent; font-weight: bold; font-style: normal; font-variant: normal; text-decoration: none; vertical-align: baseline; white-space: pre-wrap;\">biofilia<\/span><span style=\"font-size: 11pt; font-family: Arial,sans-serif; color: #000000; background-color: transparent; font-weight: 400; font-style: normal; font-variant: normal; text-decoration: none; vertical-align: baseline; white-space: pre-wrap;\"> hace referencia a la tendencia que tenemos los humanos a conectar con la vida y los elementos naturales y, en los \u00faltimos a\u00f1os, ha ido ganando protagonismo en psicolog\u00eda ambiental y dise\u00f1o de espacios.<\/span><\/p>\n<p dir=\"ltr\" style=\"line-height: 1.38; margin-top: 12pt; margin-bottom: 12pt;\"><span style=\"font-size: 11pt; font-family: Arial,sans-serif; color: #000000; background-color: transparent; font-weight: 400; font-style: normal; font-variant: normal; text-decoration: none; vertical-align: baseline; white-space: pre-wrap;\">Aplicado al cuidado de los mayores en los centros residenciales, podemos decir que la biofilia invita a crear entornos que incorporen luz natural, vegetaci\u00f3n, texturas org\u00e1nicas, sonidos suaves o vistas a la naturaleza.\u00a0<\/span><\/p>\n<p dir=\"ltr\" style=\"line-height: 1.38; margin-top: 12pt; margin-bottom: 12pt;\"><span style=\"font-size: 11pt; font-family: Arial,sans-serif; color: #000000; background-color: transparent; font-weight: 400; font-style: normal; font-variant: normal; text-decoration: none; vertical-align: baseline; white-space: pre-wrap;\">Es decir, va mucho m\u00e1s all\u00e1 del \u201ctener plantas\u201d. Se trata no solo de crear espacios acogedores sino de rincones que invitan a la serenidad y la conexi\u00f3n, tanto dentro como fuera del edificio.\u00a0<\/span><\/p>\n<p dir=\"ltr\" style=\"line-height: 1.38; margin-top: 12pt; margin-bottom: 12pt;\"><span style=\"font-size: 11pt; font-family: Arial,sans-serif; color: #000000; background-color: transparent; font-weight: 400; font-style: normal; font-variant: normal; text-decoration: none; vertical-align: baseline; white-space: pre-wrap;\">Por ejemplo, en una residencia estar\u00edamos hablando de jardines accesibles y seguros, espacios agradables para conversar, zonas donde nuestros mayores puedan observar plantas, cuidar de un huerto o simplemente disfrutar del aire fresco.\u00a0<\/span><\/p>\n<p dir=\"ltr\" style=\"line-height: 1.38; margin-top: 12pt; margin-bottom: 12pt;\"><span style=\"font-size: 11pt; font-family: Arial,sans-serif; color: #000000; background-color: transparent; font-weight: 400; font-style: normal; font-variant: normal; text-decoration: none; vertical-align: baseline; white-space: pre-wrap;\">Por supuesto, los elementos naturales en el interior de las residencias tambi\u00e9n son fundamentales y, volvemos a insistir, no hablamos \u00fanicamente de plantas. <\/span><span style=\"font-size: 11pt; font-family: Arial,sans-serif; color: #000000; background-color: transparent; font-weight: 400; font-style: normal; font-variant: normal; text-decoration: none; vertical-align: baseline; white-space: pre-wrap;\">Tambi\u00e9n importa tener luz natural. <\/span><\/p>\n<p><img decoding=\"async\" class=\"aligncenter wp-image-2733 size-large\" src=\"https:\/\/rubisocial.bcnapps.es\/wp-content\/uploads\/2025\/11\/WhatsApp-Image-2025-11-17-at-10.33.09-6-e1764154652837-1024x805.jpeg\" alt=\"\" width=\"840\" height=\"660\" srcset=\"https:\/\/rubisocial.bcnapps.es\/wp-content\/uploads\/2025\/11\/WhatsApp-Image-2025-11-17-at-10.33.09-6-e1764154652837-1024x805.jpeg 1024w, https:\/\/rubisocial.bcnapps.es\/wp-content\/uploads\/2025\/11\/WhatsApp-Image-2025-11-17-at-10.33.09-6-e1764154652837-300x236.jpeg 300w, https:\/\/rubisocial.bcnapps.es\/wp-content\/uploads\/2025\/11\/WhatsApp-Image-2025-11-17-at-10.33.09-6-e1764154652837-768x604.jpeg 768w, https:\/\/rubisocial.bcnapps.es\/wp-content\/uploads\/2025\/11\/WhatsApp-Image-2025-11-17-at-10.33.09-6-e1764154652837-350x275.jpeg 350w, https:\/\/rubisocial.bcnapps.es\/wp-content\/uploads\/2025\/11\/WhatsApp-Image-2025-11-17-at-10.33.09-6-e1764154652837.jpeg 1536w\" sizes=\"(max-width: 840px) 100vw, 840px\" \/><\/p>\n<h2 dir=\"ltr\" style=\"line-height: 1.38; margin-top: 18pt; margin-bottom: 4pt;\"><span style=\"font-size: 17pt; font-family: Arial,sans-serif; color: #000000; background-color: transparent; font-weight: bold; font-style: normal; font-variant: normal; text-decoration: none; vertical-align: baseline; white-space: pre-wrap;\">5 beneficios de los espacios al aire libre para la salud f\u00edsica y mental<\/span><\/h2>\n<p dir=\"ltr\" style=\"line-height: 1.38; margin-top: 12pt; margin-bottom: 12pt;\"><span style=\"font-size: 11pt; font-family: Arial,sans-serif; color: #000000; background-color: transparent; font-weight: 400; font-style: normal; font-variant: normal; text-decoration: none; vertical-align: baseline; white-space: pre-wrap;\">Contar con espacios verdes o al aire libre en una residencia, o en cualquier tipo de edificio, tambi\u00e9n una oficina, por ejemplo, no es solo una cuesti\u00f3n est\u00e9tica.\u00a0<\/span><\/p>\n<p dir=\"ltr\" style=\"line-height: 1.38; margin-top: 12pt; margin-bottom: 12pt;\"><span style=\"font-size: 11pt; font-family: Arial,sans-serif; color: #000000; background-color: transparent; font-weight: 400; font-style: normal; font-variant: normal; text-decoration: none; vertical-align: baseline; white-space: pre-wrap;\">Estamos ante una herramienta terap\u00e9utica, que nos da calidad de vida.\u00a0<\/span><\/p>\n<p dir=\"ltr\" style=\"line-height: 1.38; margin-top: 12pt; margin-bottom: 12pt;\"><span style=\"font-size: 11pt; font-family: Arial,sans-serif; color: #000000; background-color: transparent; font-weight: 400; font-style: normal; font-variant: normal; text-decoration: none; vertical-align: baseline; white-space: pre-wrap;\">Veamos algunos de los beneficios m\u00e1s relevantes de estos espacios en la tercera edad:<\/span><\/p>\n<ol style=\"margin-top: 0; margin-bottom: 0; padding-inline-start: 48px;\">\n<li dir=\"ltr\" style=\"list-style-type: decimal; font-size: 11pt; font-family: Arial,sans-serif; color: #000000; background-color: transparent; font-weight: 400; font-style: normal; font-variant: normal; text-decoration: none; vertical-align: baseline; white-space: pre;\" aria-level=\"1\">\n<p dir=\"ltr\" style=\"line-height: 1.38; margin-top: 0pt; margin-bottom: 0pt;\" role=\"presentation\"><a style=\"text-decoration: none;\" href=\"https:\/\/rubisocial.bcnapps.es\/es\/2024\/08\/22\/ejercicios-de-movilidad-y-flexibilidad-para-mayores\/\"><span style=\"font-size: 11pt; font-family: Arial,sans-serif; color: #1155cc; background-color: transparent; font-weight: bold; font-style: normal; font-variant: normal; text-decoration: underline; -webkit-text-decoration-skip: none; text-decoration-skip-ink: none; vertical-align: baseline; white-space: pre-wrap;\">Mejora de la movilidad<\/span><\/a><span style=\"font-size: 11pt; font-family: Arial,sans-serif; color: #000000; background-color: transparent; font-weight: bold; font-style: normal; font-variant: normal; text-decoration: none; vertical-align: baseline; white-space: pre-wrap;\">: <\/span><span style=\"font-size: 11pt; font-family: Arial,sans-serif; color: #000000; background-color: transparent; font-weight: 400; font-style: normal; font-variant: normal; text-decoration: none; vertical-align: baseline; white-space: pre-wrap;\">Pasear al aire libre, aunque sea durante pocos minutos, ayuda a mantener fuerza, equilibrio y funci\u00f3n cardiovascular.<\/span><\/p>\n<\/li>\n<li dir=\"ltr\" style=\"list-style-type: decimal; font-size: 11pt; font-family: Arial,sans-serif; color: #000000; background-color: transparent; font-weight: 400; font-style: normal; font-variant: normal; text-decoration: none; vertical-align: baseline; white-space: pre;\" aria-level=\"1\">\n<p dir=\"ltr\" style=\"line-height: 1.38; margin-top: 0pt; margin-bottom: 0pt;\" role=\"presentation\"><span style=\"font-size: 11pt; font-family: Arial,sans-serif; color: #000000; background-color: transparent; font-weight: bold; font-style: normal; font-variant: normal; text-decoration: none; vertical-align: baseline; white-space: pre-wrap;\">Estimulaci\u00f3n cognitiva: <\/span><span style=\"font-size: 11pt; font-family: Arial,sans-serif; color: #000000; background-color: transparent; font-weight: 400; font-style: normal; font-variant: normal; text-decoration: none; vertical-align: baseline; white-space: pre-wrap;\">Los colores, olores, sonidos y texturas de la naturaleza despiertan recuerdos, conversaciones y asociaciones.<\/span><\/p>\n<\/li>\n<li dir=\"ltr\" style=\"list-style-type: decimal; font-size: 11pt; font-family: Arial,sans-serif; color: #000000; background-color: transparent; font-weight: 400; font-style: normal; font-variant: normal; text-decoration: none; vertical-align: baseline; white-space: pre;\" aria-level=\"1\">\n<p dir=\"ltr\" style=\"line-height: 1.38; margin-top: 0pt; margin-bottom: 0pt;\" role=\"presentation\"><span style=\"font-size: 11pt; font-family: Arial,sans-serif; color: #000000; background-color: transparent; font-weight: bold; font-style: normal; font-variant: normal; text-decoration: none; vertical-align: baseline; white-space: pre-wrap;\">Bienestar emocional:<\/span><span style=\"font-size: 11pt; font-family: Arial,sans-serif; color: #000000; background-color: transparent; font-weight: 400; font-style: normal; font-variant: normal; text-decoration: none; vertical-align: baseline; white-space: pre-wrap;\"> La luz del sol, el aire fresco y la vegetaci\u00f3n tienen un efecto directo sobre el estado de \u00e1nimo. Salir a la terraza o a ver las plantas es un soplo de aire fresco, nunca mejor dicho, para nuestros residentes.<\/span><\/p>\n<\/li>\n<li dir=\"ltr\" style=\"list-style-type: decimal; font-size: 11pt; font-family: Arial,sans-serif; color: #000000; background-color: transparent; font-weight: 400; font-style: normal; font-variant: normal; text-decoration: none; vertical-align: baseline; white-space: pre;\" aria-level=\"1\">\n<p dir=\"ltr\" style=\"line-height: 1.38; margin-top: 0pt; margin-bottom: 0pt;\" role=\"presentation\"><span style=\"font-size: 11pt; font-family: Arial,sans-serif; color: #000000; background-color: transparent; font-weight: bold; font-style: normal; font-variant: normal; text-decoration: none; vertical-align: baseline; white-space: pre-wrap;\">Interacci\u00f3n social: <\/span><span style=\"font-size: 11pt; font-family: Arial,sans-serif; color: #000000; background-color: transparent; font-weight: 400; font-style: normal; font-variant: normal; text-decoration: none; vertical-align: baseline; white-space: pre-wrap;\">Los espacios verdes facilitan las conversaciones espont\u00e1neas, las visitas familiares y las actividades grupales.<\/span><\/p>\n<\/li>\n<li dir=\"ltr\" style=\"list-style-type: decimal; font-size: 11pt; font-family: Arial,sans-serif; color: #000000; background-color: transparent; font-weight: 400; font-style: normal; font-variant: normal; text-decoration: none; vertical-align: baseline; white-space: pre;\" aria-level=\"1\">\n<p dir=\"ltr\" style=\"line-height: 1.38; margin-top: 0pt; margin-bottom: 0pt;\" role=\"presentation\"><span style=\"font-size: 11pt; font-family: Arial,sans-serif; color: #000000; background-color: transparent; font-weight: bold; font-style: normal; font-variant: normal; text-decoration: none; vertical-align: baseline; white-space: pre-wrap;\">Sensaci\u00f3n de hogar: <\/span><span style=\"font-size: 11pt; font-family: Arial,sans-serif; color: #000000; background-color: transparent; font-weight: 400; font-style: normal; font-variant: normal; text-decoration: none; vertical-align: baseline; white-space: pre-wrap;\">Un jard\u00edn cuidado o un peque\u00f1o huerto generan familiaridad y permiten a los mayores mantener un rol activo.<\/span><\/p>\n<\/li>\n<\/ol>\n<p dir=\"ltr\" style=\"line-height: 1.38; margin-top: 0pt; margin-bottom: 0pt;\"><span style=\"font-size: 17pt; font-family: Arial,sans-serif; color: #000000; background-color: transparent; font-weight: bold; font-style: normal; font-variant: normal; text-decoration: none; vertical-align: baseline; white-space: pre-wrap;\">Nuestros al aire libre en El Cel Rub\u00ed<\/span><\/p>\n<p dir=\"ltr\" style=\"line-height: 1.38; margin-top: 12pt; margin-bottom: 12pt;\"><span style=\"font-size: 11pt; font-family: Arial,sans-serif; color: #000000; background-color: transparent; font-weight: 400; font-style: normal; font-variant: normal; text-decoration: none; vertical-align: baseline; white-space: pre-wrap;\">En <\/span><span style=\"font-size: 11pt; font-family: Arial,sans-serif; color: #000000; background-color: transparent; font-weight: bold; font-style: normal; font-variant: normal; text-decoration: none; vertical-align: baseline; white-space: pre-wrap;\">El Cel Rub\u00ed<\/span><span style=\"font-size: 11pt; font-family: Arial,sans-serif; color: #000000; background-color: transparent; font-weight: 400; font-style: normal; font-variant: normal; text-decoration: none; vertical-align: baseline; white-space: pre-wrap;\"> contamos con varios espacios pensados para favorecer entre nuestros residentes ese contacto tan necesario con la naturaleza. :<\/span><\/p>\n<h3 dir=\"ltr\" style=\"line-height: 1.38; margin-top: 14pt; margin-bottom: 4pt;\"><span style=\"font-size: 13pt; font-family: Arial,sans-serif; color: #000000; background-color: transparent; font-weight: bold; font-style: normal; font-variant: normal; text-decoration: none; vertical-align: baseline; white-space: pre-wrap;\">Terraza con porche y p\u00e9rgolas<\/span><\/h3>\n<p dir=\"ltr\" style=\"line-height: 1.38; margin-top: 12pt; margin-bottom: 12pt;\"><span style=\"font-size: 11pt; font-family: Arial,sans-serif; color: #000000; background-color: transparent; font-weight: 400; font-style: normal; font-variant: normal; text-decoration: none; vertical-align: baseline; white-space: pre-wrap;\">Nuestra terraza es uno de los espacios m\u00e1s queridos por nuestros residentes y trabajadores. Un lugar c\u00f3modo y seguro, equipado con mesas y sillas que permiten descansar, conversar, leer o simplemente disfrutar del aire libre.<\/span><\/p>\n<h3 dir=\"ltr\" style=\"line-height: 1.38; margin-top: 14pt; margin-bottom: 4pt;\"><span style=\"font-size: 13pt; font-family: Arial,sans-serif; color: #000000; background-color: transparent; font-weight: bold; font-style: normal; font-variant: normal; text-decoration: none; vertical-align: baseline; white-space: pre-wrap;\">Huerto y plantas cuidadas por los propios residentes<\/span><\/h3>\n<p dir=\"ltr\" style=\"line-height: 1.38; margin-top: 12pt; margin-bottom: 12pt;\"><span style=\"font-size: 11pt; font-family: Arial,sans-serif; color: #000000; background-color: transparent; font-weight: 400; font-style: normal; font-variant: normal; text-decoration: none; vertical-align: baseline; white-space: pre-wrap;\">En la misma terraza tenemos tambi\u00e9n una zona con un huerto urbano. <\/span><\/p>\n<p dir=\"ltr\" style=\"line-height: 1.38; margin-top: 12pt; margin-bottom: 12pt;\"><span style=\"font-size: 11pt; font-family: Arial,sans-serif; color: #000000; background-color: transparent; font-weight: 400; font-style: normal; font-variant: normal; text-decoration: none; vertical-align: baseline; white-space: pre-wrap;\">Nuestros mayores cuidan, riegan y observan el crecimiento de las plantas, lo que favorece la responsabilidad, la motivaci\u00f3n y la satisfacci\u00f3n personal. \u00a1Les encanta! Y a muchos de ellos, por ejemplo, les trae recuerdos de cuando eran peque\u00f1os o cuando trabajaban en el campo.<\/span><\/p>\n<h3 dir=\"ltr\" style=\"line-height: 1.38; margin-top: 14pt; margin-bottom: 4pt;\"><span style=\"font-size: 13pt; font-family: Arial,sans-serif; color: #000000; background-color: transparent; font-weight: bold; font-style: normal; font-variant: normal; text-decoration: none; vertical-align: baseline; white-space: pre-wrap;\">Espacios conectados con lo natural<\/span><\/h3>\n<p dir=\"ltr\" style=\"line-height: 1.38; margin-top: 12pt; margin-bottom: 12pt;\"><span style=\"font-size: 11pt; font-family: Arial,sans-serif; color: #000000; background-color: transparent; font-weight: 400; font-style: normal; font-variant: normal; text-decoration: none; vertical-align: baseline; white-space: pre-wrap;\">Nuestra biblioteca, ubicada en una zona techada en la terraza, es luminosa y tranquila. Adem\u00e1s, tenemos un espacio de gimnasia con luz natural y plantas que aportan serenidad, conexi\u00f3n y sensaci\u00f3n de bienestar.<\/span><\/p>\n<p dir=\"ltr\"><img decoding=\"async\" class=\"aligncenter wp-image-2727 size-large\" src=\"https:\/\/rubisocial.bcnapps.es\/wp-content\/uploads\/2025\/11\/biblioteca-e1764154517389-1024x676.jpeg\" alt=\"biblioteca en la terraza\" width=\"840\" height=\"555\" srcset=\"https:\/\/rubisocial.bcnapps.es\/wp-content\/uploads\/2025\/11\/biblioteca-e1764154517389-1024x676.jpeg 1024w, https:\/\/rubisocial.bcnapps.es\/wp-content\/uploads\/2025\/11\/biblioteca-e1764154517389-300x198.jpeg 300w, https:\/\/rubisocial.bcnapps.es\/wp-content\/uploads\/2025\/11\/biblioteca-e1764154517389-768x507.jpeg 768w, https:\/\/rubisocial.bcnapps.es\/wp-content\/uploads\/2025\/11\/biblioteca-e1764154517389-350x231.jpeg 350w, https:\/\/rubisocial.bcnapps.es\/wp-content\/uploads\/2025\/11\/biblioteca-e1764154517389.jpeg 1520w\" sizes=\"(max-width: 840px) 100vw, 840px\" \/><\/p>\n<h3 dir=\"ltr\" style=\"line-height: 1.38; margin-top: 14pt; margin-bottom: 4pt;\"><span style=\"font-size: 13pt; font-family: Arial,sans-serif; color: #000000; background-color: transparent; font-weight: bold; font-style: normal; font-variant: normal; text-decoration: none; vertical-align: baseline; white-space: pre-wrap;\">Un lugar para compartir con la familia<\/span><\/h3>\n<p dir=\"ltr\" style=\"line-height: 1.38; margin-top: 12pt; margin-bottom: 12pt;\"><span style=\"font-size: 11pt; font-family: Arial,sans-serif; color: #000000; background-color: transparent; font-weight: 400; font-style: normal; font-variant: normal; text-decoration: none; vertical-align: baseline; white-space: pre-wrap;\">Adem\u00e1s, la terraza tambi\u00e9n se ha convertido en uno de los lugares favoritos para las familias cuando vienen a ver a sus mayores. Se crean as\u00ed momentos que refuerzan los v\u00ednculos afectivos gracias a un entorno que se siente como un verdadero hogar.\u00a0<\/span><\/p>\n<h2 dir=\"ltr\" style=\"line-height: 1.38; margin-top: 18pt; margin-bottom: 4pt;\"><span style=\"font-size: 17pt; font-family: Arial,sans-serif; color: #000000; background-color: transparent; font-weight: bold; font-style: normal; font-variant: normal; text-decoration: none; vertical-align: baseline; white-space: pre-wrap;\">C\u00f3mo mantenerse en contacto con la naturaleza tambi\u00e9n en oto\u00f1o e invierno<\/span><\/h2>\n<p dir=\"ltr\" style=\"line-height: 1.38; margin-top: 12pt; margin-bottom: 12pt;\"><span style=\"font-size: 11pt; font-family: Arial,sans-serif; color: #000000; background-color: transparent; font-weight: 400; font-style: normal; font-variant: normal; text-decoration: none; vertical-align: baseline; white-space: pre-wrap;\">Sabemos que cuando bajan las temperaturas, las salidas a la terraza de El Cel Rub\u00ed son menos frecuentes. Sin embargo, existen formas sencillas y seguras de seguir disfrutando de la naturaleza durante los meses fr\u00edos y las queremos compartir con vosotros para que os sean de utilidad si ten\u00e9is mayores:<\/span><\/p>\n<ol style=\"margin-top: 0; margin-bottom: 0; padding-inline-start: 48px;\">\n<li dir=\"ltr\" style=\"list-style-type: decimal; font-size: 11pt; font-family: Arial,sans-serif; color: #000000; background-color: transparent; font-weight: 400; font-style: normal; font-variant: normal; text-decoration: none; vertical-align: baseline; white-space: pre;\" aria-level=\"1\">\n<p dir=\"ltr\" style=\"line-height: 1.38; margin-top: 0pt; margin-bottom: 0pt;\" role=\"presentation\"><span style=\"font-size: 11pt; font-family: Arial,sans-serif; color: #000000; background-color: transparent; font-weight: bold; font-style: normal; font-variant: normal; text-decoration: none; vertical-align: baseline; white-space: pre-wrap;\">Aprovechar las ma\u00f1anas: <\/span><span style=\"font-size: 11pt; font-family: Arial,sans-serif; color: #000000; background-color: transparent; font-weight: 400; font-style: normal; font-variant: normal; text-decoration: none; vertical-align: baseline; white-space: pre-wrap;\">Salir a pasear o sentarse un rato al aire libre cuando el sol est\u00e1 m\u00e1s alto es m\u00e1s agradable y ayuda a la vitamina D. Si no es posible salir fuera, sentarse frente a la ventana y disfrutar de la luz natural es una buena alternativa.\u00a0<\/span><\/p>\n<\/li>\n<li dir=\"ltr\" style=\"list-style-type: decimal; font-size: 11pt; font-family: Arial,sans-serif; color: #000000; background-color: transparent; font-weight: 400; font-style: normal; font-variant: normal; text-decoration: none; vertical-align: baseline; white-space: pre;\" aria-level=\"1\">\n<p dir=\"ltr\" style=\"line-height: 1.38; margin-top: 0pt; margin-bottom: 0pt;\" role=\"presentation\"><span style=\"font-size: 11pt; font-family: Arial,sans-serif; color: #000000; background-color: transparent; font-weight: bold; font-style: normal; font-variant: normal; text-decoration: none; vertical-align: baseline; white-space: pre-wrap;\">Ropa adecuada: <\/span><span style=\"font-size: 11pt; font-family: Arial,sans-serif; color: #000000; background-color: transparent; font-weight: 400; font-style: normal; font-variant: normal; text-decoration: none; vertical-align: baseline; white-space: pre-wrap;\">Gorros, bufandas, mantas ligeras y chaquetas f\u00e1ciles de poner favorecen la autonom\u00eda y hacen que el fr\u00edo no sea un impedimento.\u00a0<\/span><\/p>\n<\/li>\n<li dir=\"ltr\" style=\"list-style-type: decimal; font-size: 11pt; font-family: Arial,sans-serif; color: #000000; background-color: transparent; font-weight: 400; font-style: normal; font-variant: normal; text-decoration: none; vertical-align: baseline; white-space: pre;\" aria-level=\"1\">\n<p dir=\"ltr\" style=\"line-height: 1.38; margin-top: 0pt; margin-bottom: 0pt;\" role=\"presentation\"><span style=\"font-size: 11pt; font-family: Arial,sans-serif; color: #000000; background-color: transparent; font-weight: bold; font-style: normal; font-variant: normal; text-decoration: none; vertical-align: baseline; white-space: pre-wrap;\">Exteriores breves pero frecuentes: <\/span><span style=\"font-size: 11pt; font-family: Arial,sans-serif; color: #000000; background-color: transparent; font-weight: 400; font-style: normal; font-variant: normal; text-decoration: none; vertical-align: baseline; white-space: pre-wrap;\">No hace falta permanecer mucho tiempo fuera: salidas cortas de 5\u201310 minutos ya aportan beneficios.<\/span><\/p>\n<\/li>\n<li dir=\"ltr\" style=\"list-style-type: decimal; font-size: 11pt; font-family: Arial,sans-serif; color: #000000; background-color: transparent; font-weight: 400; font-style: normal; font-variant: normal; text-decoration: none; vertical-align: baseline; white-space: pre;\" aria-level=\"1\">\n<p dir=\"ltr\" style=\"line-height: 1.38; margin-top: 0pt; margin-bottom: 0pt;\" role=\"presentation\"><span style=\"font-size: 11pt; font-family: Arial,sans-serif; color: #000000; background-color: transparent; font-weight: bold; font-style: normal; font-variant: normal; text-decoration: none; vertical-align: baseline; white-space: pre-wrap;\">Observar desde el interior: <\/span><span style=\"font-size: 11pt; font-family: Arial,sans-serif; color: #000000; background-color: transparent; font-weight: 400; font-style: normal; font-variant: normal; text-decoration: none; vertical-align: baseline; white-space: pre-wrap;\">Mirar por la ventana, cuidar plantas dentro del espacio interior o colocar flores en la habitaci\u00f3n tambi\u00e9n genera conexi\u00f3n emocional.\u00a0<\/span><\/p>\n<\/li>\n<li dir=\"ltr\" style=\"list-style-type: decimal; font-size: 11pt; font-family: Arial,sans-serif; color: #000000; background-color: transparent; font-weight: 400; font-style: normal; font-variant: normal; text-decoration: none; vertical-align: baseline; white-space: pre;\" aria-level=\"1\">\n<p dir=\"ltr\" style=\"line-height: 1.38; margin-top: 0pt; margin-bottom: 0pt;\" role=\"presentation\"><span style=\"font-size: 11pt; font-family: Arial,sans-serif; color: #000000; background-color: transparent; font-weight: bold; font-style: normal; font-variant: normal; text-decoration: none; vertical-align: baseline; white-space: pre-wrap;\">Actividades relacionadas con la naturaleza en interiores: <\/span><span style=\"font-size: 11pt; font-family: Arial,sans-serif; color: #000000; background-color: transparent; font-weight: 400; font-style: normal; font-variant: normal; text-decoration: none; vertical-align: baseline; white-space: pre-wrap;\">Estar en contacto con la naturaleza sin salir de casa o la residencia tambi\u00e9n es posible. Por ejemplo, se pueden hacer talleres para plantar semillas en peque\u00f1as macetas, decorar con hojas oto\u00f1ales, realizar manualidades con elementos naturales, <\/span><a style=\"text-decoration: none;\" href=\"https:\/\/rubisocial.bcnapps.es\/es\/2025\/05\/22\/como-fomentar-la-lectura-y-el-intercambio-cultural-en-residencias-de-mayores\/\"><span style=\"font-size: 11pt; font-family: Arial,sans-serif; color: #1155cc; background-color: transparent; font-weight: 400; font-style: normal; font-variant: normal; text-decoration: underline; -webkit-text-decoration-skip: none; text-decoration-skip-ink: none; vertical-align: baseline; white-space: pre-wrap;\">leer libros<\/span><\/a><span style=\"font-size: 11pt; font-family: Arial,sans-serif; color: #000000; background-color: transparent; font-weight: 400; font-style: normal; font-variant: normal; text-decoration: none; vertical-align: baseline; white-space: pre-wrap;\"> o ver documentales sobre naturaleza e incluso escuchar paisajes sonoros.\u00a0<\/span><\/p>\n<\/li>\n<\/ol>\n<p dir=\"ltr\" style=\"line-height: 1.38; margin-top: 0pt; margin-bottom: 0pt;\"><span style=\"font-size: 11pt; font-family: Arial,sans-serif; color: #000000; background-color: transparent; font-weight: 400; font-style: normal; font-variant: normal; text-decoration: none; vertical-align: baseline; white-space: pre-wrap;\">Todas estas actividades no nos llevan directamente a la naturaleza pero la evocan.\u00a0<\/span><\/p>\n<p dir=\"ltr\" style=\"line-height: 1.38; margin-top: 12pt; margin-bottom: 12pt;\"><span style=\"font-size: 11pt; font-family: Arial,sans-serif; color: #000000; background-color: transparent; font-weight: 400; font-style: normal; font-variant: normal; text-decoration: none; vertical-align: baseline; white-space: pre-wrap;\">En definitiva, relacionarse con la naturaleza tiene un impacto emocional positivo para nuestros mayores y su bienestar. <\/span><\/p>\n","protected":false},"excerpt":{"rendered":"<p>Seguro que lo has notado en alguna ocasi\u00f3n. Te has sentido estresado o agobiado y pasar el d\u00eda haciendo senderismo [&hellip;]<\/p>\n","protected":false},"author":2,"featured_media":2729,"comment_status":"closed","ping_status":"closed","sticky":false,"template":"","format":"standard","meta":{"_exactmetrics_skip_tracking":false,"_exactmetrics_sitenote_active":false,"_exactmetrics_sitenote_note":"","_exactmetrics_sitenote_category":0,"footnotes":""},"categories":[13,139],"tags":[],"class_list":["post-2726","post","type-post","status-publish","format-standard","has-post-thumbnail","hentry","category-informacion-y-novedades-de-centro","category-cuidado-de-los-mayores"],"_links":{"self":[{"href":"https:\/\/rubisocial.bcnapps.es\/es\/wp-json\/wp\/v2\/posts\/2726","targetHints":{"allow":["GET"]}}],"collection":[{"href":"https:\/\/rubisocial.bcnapps.es\/es\/wp-json\/wp\/v2\/posts"}],"about":[{"href":"https:\/\/rubisocial.bcnapps.es\/es\/wp-json\/wp\/v2\/types\/post"}],"author":[{"embeddable":true,"href":"https:\/\/rubisocial.bcnapps.es\/es\/wp-json\/wp\/v2\/users\/2"}],"replies":[{"embeddable":true,"href":"https:\/\/rubisocial.bcnapps.es\/es\/wp-json\/wp\/v2\/comments?post=2726"}],"version-history":[{"count":3,"href":"https:\/\/rubisocial.bcnapps.es\/es\/wp-json\/wp\/v2\/posts\/2726\/revisions"}],"predecessor-version":[{"id":2737,"href":"https:\/\/rubisocial.bcnapps.es\/es\/wp-json\/wp\/v2\/posts\/2726\/revisions\/2737"}],"wp:featuredmedia":[{"embeddable":true,"href":"https:\/\/rubisocial.bcnapps.es\/es\/wp-json\/wp\/v2\/media\/2729"}],"wp:attachment":[{"href":"https:\/\/rubisocial.bcnapps.es\/es\/wp-json\/wp\/v2\/media?parent=2726"}],"wp:term":[{"taxonomy":"category","embeddable":true,"href":"https:\/\/rubisocial.bcnapps.es\/es\/wp-json\/wp\/v2\/categories?post=2726"},{"taxonomy":"post_tag","embeddable":true,"href":"https:\/\/rubisocial.bcnapps.es\/es\/wp-json\/wp\/v2\/tags?post=2726"}],"curies":[{"name":"wp","href":"https:\/\/api.w.org\/{rel}","templated":true}]}}