{"id":2680,"date":"2025-08-28T09:43:03","date_gmt":"2025-08-28T07:43:03","guid":{"rendered":"https:\/\/rubisocial.bcnapps.es\/?p=2680"},"modified":"2025-08-28T09:43:03","modified_gmt":"2025-08-28T07:43:03","slug":"memoria-historica-la-importancia-de-preservar-los-relatos-de-nuestros-mayores","status":"publish","type":"post","link":"https:\/\/rubisocial.bcnapps.es\/es\/2025\/08\/28\/memoria-historica-la-importancia-de-preservar-los-relatos-de-nuestros-mayores\/","title":{"rendered":"Memoria hist\u00f3rica: la importancia de preservar los relatos de nuestros mayores"},"content":{"rendered":"<p>La <strong>memoria hist\u00f3rica<\/strong> es el conjunto de recuerdos, vivencias, saberes y experiencias que una sociedad guarda y transmite a lo largo del tiempo.<\/p>\n<p>Es el testimonio vivo de quienes han sido protagonistas de \u00e9pocas pasadas, portadores de ense\u00f1anzas y guardianes de tradiciones.<\/p>\n<p>En este contexto, los adultos mayores representan un verdadero tesoro humano: son la voz directa del pasado, la <strong>memoria encarnada de generaciones anteriores<\/strong>.<\/p>\n<p>Preservar estos relatos no solo es un acto de justicia con quienes han vivido intensamente la historia, sino tambi\u00e9n una herramienta valiosa para comprender el presente y proyectar un futuro m\u00e1s consciente.<\/p>\n<p>Y es precisamente en las residencias, as\u00ed como en casales y los diferentes puntos de encuentro de nuestros mayores, donde m\u00e1s y mejor se propaga y fomenta la memoria hist\u00f3rica; donde m\u00e1s de habla de ella.<\/p>\n<p>No en vano, los residentes tienen eso en com\u00fan: comparten, cada uno en su contexto, una dilatada memoria hist\u00f3rica. Son lugares <a href=\"https:\/\/rubisocial.bcnapps.es\/es\/2024\/04\/18\/familias-cuidadoras-cuidar-seres-queridos-en-casa\/\">donde se da rienda suelta a su expresi\u00f3n y a la \u00f3ptima conservaci\u00f3n de los recuerdos<\/a>.<\/p>\n<h2>La memoria hist\u00f3rica como patrimonio colectivo<\/h2>\n<p>La memoria hist\u00f3rica no es solo una cuesti\u00f3n acad\u00e9mica o institucional; es un fen\u00f3meno cultural, emocional y humano.<\/p>\n<p>Cada relato personal se entrelaza con otros para formar <strong>el tejido de la historia colectiva<\/strong>.<\/p>\n<p>Cuando una persona mayor comparte c\u00f3mo vivi\u00f3 una guerra, una dictadura, una migraci\u00f3n o una transformaci\u00f3n social, est\u00e1 ofreciendo una perspectiva \u00fanica y enriquecedora que los libros de historia rara vez logran capturar en su totalidad.<\/p>\n<h2>Definiendo la memoria<\/h2>\n<p><img decoding=\"async\" class=\"alignright size-medium wp-image-2681\" src=\"https:\/\/rubisocial.bcnapps.es\/wp-content\/uploads\/2025\/08\/brain-7118224_1280-e1756366856318-300x225.png\" alt=\"\" width=\"300\" height=\"225\" srcset=\"https:\/\/rubisocial.bcnapps.es\/wp-content\/uploads\/2025\/08\/brain-7118224_1280-e1756366856318-300x225.png 300w, https:\/\/rubisocial.bcnapps.es\/wp-content\/uploads\/2025\/08\/brain-7118224_1280-e1756366856318-768x576.png 768w, https:\/\/rubisocial.bcnapps.es\/wp-content\/uploads\/2025\/08\/brain-7118224_1280-e1756366856318-350x263.png 350w, https:\/\/rubisocial.bcnapps.es\/wp-content\/uploads\/2025\/08\/brain-7118224_1280-e1756366856318.png 900w\" sizes=\"(max-width: 300px) 100vw, 300px\" \/><\/p>\n<p>Seg\u00fan Pad\u00edn (2013), la memoria es un proceso mental complejo que permite registrar, guardar y recuperar experiencias, ideas y acciones.).<\/p>\n<p>Permite desarrollar la capacidad de aprendizaje, y est\u00e1 implicada en la toma de decisiones, la resoluci\u00f3n de problemas y en la capacidad de adaptaci\u00f3n al ambiente.<\/p>\n<p>La memoria puede clasificarse seg\u00fan distintas categor\u00edas, siendo una de las m\u00e1s utilizadas la siguiente: la <strong>memoria inmediata, la memoria reciente y la memoria remota<\/strong> (Psicopsi, s.f.).<\/p>\n<p>Por otro lado, la <strong>memoria autobiogr\u00e1fica<\/strong> forma parte de la memoria remota y se refiere al recuerdo de la propia historia de vida del individuo (Pad\u00edn, 2013).<\/p>\n<p>Esta memoria est\u00e1 estrechamente ligada a la identidad personal (Vadillo-Melero, 2017) y contribuye a mantener la sensaci\u00f3n de continuidad del yo.<\/p>\n<h2>El sentido de la memoria autobiogr\u00e1fica<\/h2>\n<p>En la vejez, la memoria autobiogr\u00e1fica adquiere un sentido especial, ya que es un elemento clave para el sentido de identidad, la regulaci\u00f3n emocional, el desarrollo de relaciones interpersonales significativas y la estimulaci\u00f3n de capacidades cognitivas.<\/p>\n<h2>Beneficios de preservar la memoria hist\u00f3rica<\/h2>\n<p>De esa manera, gracias a la preservaci\u00f3n de los relatos de nuestros adultos mayores, podremos:<\/p>\n<ul>\n<li><strong>Darle una continuidad a su identidad<\/strong>, teniendo en cuenta <a href=\"https:\/\/rubisocial.bcnapps.es\/es\/2024\/09\/26\/celebrando-hitos-cumpleanos-aniversarios-y-eventos-especiales\/\">elementos que hayan sido importantes y significativos en su d\u00eda a d\u00eda<\/a>, y permitiendo que pueda seguir reafirmando qui\u00e9n es. En el Cel de Rub\u00ed, recogemos la historia de vida de nuestros residentes, para poder incorporar dichos elementos en su rutina, acerc\u00e1ndonos a una atenci\u00f3n centrada en la persona. Esta historia de vida adquiere una significaci\u00f3n especial cuando es narrada por la propia persona.<\/li>\n<li><strong>Promover el bienestar emocional<\/strong>, a trav\u00e9s de la regulaci\u00f3n emocional, mediante la reminiscencia de aquellos recuerdos significativos para la persona. Conseguimos que conecten con su momento actual y experimenten sensaci\u00f3n de familiaridad y de calma al recuperar recuerdos positivos.<\/li>\n<li><strong>Fomentar la creaci\u00f3n de una red social s\u00f3lida<\/strong>, a trav\u00e9s de lazos basados en la confianza y la empat\u00eda. Dicha red puede ser entre los propios residentes, el residente y sus familiares, o entre el residente y los cuidadores.<\/li>\n<li><strong>Favorecer la estimulaci\u00f3n cognitiva<\/strong>, trabajando funciones como la atenci\u00f3n y <a href=\"https:\/\/rubisocial.bcnapps.es\/es\/2024\/12\/19\/juegos-y-entretenimiento-estimular-la-mente-y-fomentar-la-diversion-en-personas-mayores-y-residencias\/\">concentraci\u00f3n, el lenguaje, la escritura, y la propia memoria<\/a>.<\/li>\n<\/ul>\n<h2>C\u00f3mo trabajar la memoria autobiogr\u00e1fica con adultos mayores<\/h2>\n<ul>\n<li><strong>Talleres de reminiscencia<\/strong>: Mediante elementos significativos para la persona (fotograf\u00edas u objetos relacionados con su historia de vida) se busca facilitar la recuperaci\u00f3n y evocaci\u00f3n de recuerdos vinculados a su propia historia de vida.<\/li>\n<li><strong>Meditaci\u00f3n guiada<\/strong>: A trav\u00e9s de un profesional o de la escucha\/visualizaci\u00f3n de un audio\/v\u00eddeo, en un entorno tranquilo, se gu\u00eda al adulto mayor oralmente para que se imagine y recupere de nuevo recuerdos de su historia de vida.<\/li>\n<li><strong>Talleres de memoria a trav\u00e9s de la escritura<\/strong>: La construcci\u00f3n del relato vital mediante <a href=\"https:\/\/rubisocial.bcnapps.es\/es\/2025\/05\/22\/como-fomentar-la-lectura-y-el-intercambio-cultural-en-residencias-de-mayores\/\">la recuperaci\u00f3n y evocaci\u00f3n de recuerdos de forma escrita<\/a>. Se puede realizar a nivel global (como si se tratase de una l\u00ednea de vida) o atendiendo a momentos concretos. Es decir, que el adulto mayor realice un resumen de su propia historia vital completa o que describa y recuerde momentos espec\u00edficos de esta.<\/li>\n<\/ul>\n<h2>Preservar los relatos de vida de los residentes<\/h2>\n<p>M\u00e1s espec\u00edficamente, a trav\u00e9s de la escritura o el relato oral, se pueden idear <strong>din\u00e1micas<\/strong> que permitan preservar los relatos de vida de nuestros residentes.<\/p>\n<p>Sin ir m\u00e1s lejos, en el Cel Rub\u00ed hemos dise\u00f1ado <strong>un programa de entrevistas<\/strong> para compartir la memoria hist\u00f3rica, similar a un programa de televisi\u00f3n, tratando temas concretos relacionados con la memoria hist\u00f3rica y con otra multitud de temas, fomentando la recuperaci\u00f3n de estos recuerdos e historias.<\/p>\n<p>Igualmente, algunos ejemplos concretos, y bas\u00e1ndose en lo dicho anteriormente, podr\u00edan ser:<\/p>\n<h3>Dividir la historia de vida en etapas significativas<\/h3>\n<p>Trabajar cada una de ellas en una sesi\u00f3n distinta. Por ejemplo, ya sea en peque\u00f1o grupo o de manera individual, abordar dichos momentos significativos.<\/p>\n<p>Se puede realizar a nivel de etapa evolutiva (una sesi\u00f3n para la infancia, otra para la juventud, otra para la edad adulta, y otra para la vejez) o a nivel de situaciones espec\u00edficas (el d\u00eda de la boda, el d\u00eda de nacimiento de los hijos\/as, un d\u00eda en el trabajo, las vacaciones de verano, la jubilaci\u00f3n\u2026).<\/p>\n<h3><img decoding=\"async\" class=\"size-medium wp-image-950 alignleft\" src=\"https:\/\/rubisocial.bcnapps.es\/wp-content\/uploads\/2018\/08\/DSC_4557-e1756366959600-300x200.jpg\" alt=\"\" width=\"300\" height=\"200\" srcset=\"https:\/\/rubisocial.bcnapps.es\/wp-content\/uploads\/2018\/08\/DSC_4557-e1756366959600-300x200.jpg 300w, https:\/\/rubisocial.bcnapps.es\/wp-content\/uploads\/2018\/08\/DSC_4557-e1756366959600-350x234.jpg 350w, https:\/\/rubisocial.bcnapps.es\/wp-content\/uploads\/2018\/08\/DSC_4557-e1756366959600.jpg 700w\" sizes=\"(max-width: 300px) 100vw, 300px\" \/>Promover el relato a trav\u00e9s de un objeto\/fotograf\u00eda<\/h3>\n<p>Se trata de escribir o narrar dicho momento vital a trav\u00e9s de la <strong>visualizaci\u00f3n<\/strong> de alg\u00fan <strong>objeto<\/strong> <strong>significativo<\/strong> o de fotograf\u00edas antiguas.<\/p>\n<p>Aqu\u00ed son especialmente relevante las festividades a nivel sociocultural, como la Diada del 11 de septiembre, el D\u00eda de la Constituci\u00f3n (6 de diciembre), Sant Jordi cada 23 de abril, etc.<\/p>\n<p>Se realizan preguntas que estimulen el recuerdo de la propia historia vital. De manera adicional, se podr\u00edan recoger todos aquellos objetos significativos\/fotograf\u00edas importantes y guardarlas en un ba\u00fal\/caja para poder acceder a ellos en cualquier momento. En la caja, tambi\u00e9n podr\u00edan guardarse olores significativos para la persona y una lista de canciones importantes para ella.<\/p>\n<h3>Incentivar el recuerdo de lugares significativos del residente<\/h3>\n<p>En un primer momento, se investiga sobre cu\u00e1les eran las ciudades y pueblos donde pasaron un tiempo de vida significativo los\/las residentes.<\/p>\n<p>En segundo lugar, se buscan im\u00e1genes de aquellos lugares y se le muestran al residente, buscando que explique\/redacte qu\u00e9 recuerdos le despiertan.<\/p>\n<p>Por ejemplo, organizamos el visionado de reportajes de sus respectivos pueblos o de lugares donde estuvieron y ya no pueden visitar.<\/p>\n<p>Se puede realizar en papel, con <a href=\"https:\/\/rubisocial.bcnapps.es\/es\/2024\/03\/27\/tecnologia-personas-mayores-herramientas-y-recursos\/\">un dispositivo electr\u00f3nico y a trav\u00e9s de su proyecci\u00f3n en alguna pantalla m\u00e1s grande<\/a>. De igual manera, se le realizan preguntas concretas al residente para que pueda recuperar dichos recuerdos.<\/p>\n<p>Cabe recalcar que, adem\u00e1s del propio beneficio personal para los y las residentes, el hecho de preservar los relatos de los adultos mayores contribuye a <strong>enriquecer el conocimiento social e hist\u00f3rico de la sociedad.<\/strong><\/p>\n<h2>\u00bfQu\u00e9 pasa si se descuida la memoria hist\u00f3rica?<\/h2>\n<p>Cuando se ignora o desvaloriza la memoria hist\u00f3rica de los mayores, se pierden m\u00faltiples dimensiones:<\/p>\n<h3>P\u00e9rdida cultural<\/h3>\n<p>Se pierden canciones, recetas, palabras, costumbres, creencias que forman parte del alma de una comunidad. La historia oficial no basta para preservar estas expresiones.<\/p>\n<h3>P\u00e9rdida de identidad<\/h3>\n<p>Tanto individual como colectiva. Los mayores pueden sentir que su vida no tiene sentido si nadie quiere escucharla. Y las nuevas generaciones crecen sin ra\u00edces, sin comprender las luchas y logros de sus antepasados.<\/p>\n<h3>Aumento del edadismo<\/h3>\n<p>No escuchar a los mayores refuerza estereotipos negativos sobre la vejez, como que ya no tienen nada \u00fatil que decir, que su tiempo ya pas\u00f3. Esto aumenta el riesgo de discriminaci\u00f3n y abandono.<\/p>\n<h3>Empobrecimiento del presente<\/h3>\n<p>Sin memoria no hay aprendizaje. Al olvidar el pasado, repetimos errores, desconocemos el valor de lo logrado y perdemos la oportunidad de construir un futuro m\u00e1s sabio.<\/p>\n<h2>Una inversi\u00f3n en humanidad<\/h2>\n<p>Preservar la memoria hist\u00f3rica a trav\u00e9s de los relatos de nuestros mayores no es solo un deber \u00e9tico: es una <strong>inversi\u00f3n en humanidad<\/strong>.<\/p>\n<p>Es reconocer que cada persona es portadora de una historia que <strong>merece ser escuchada, valorada y transmitida.<\/strong><\/p>\n<p>En las residencias geri\u00e1tricas, donde el tiempo parece ralentizarse y las vidas se encuentran en sus cap\u00edtulos finales, hay un <strong>universo de sabidur\u00eda<\/strong> esperando ser compartido.<\/p>\n<p>Basta con <strong>ofrecer escucha, tiempo y respeto<\/strong>.<\/p>\n<p>Fomentar la memoria hist\u00f3rica en estos espacios no requiere grandes recursos, sino una mirada sensible que entienda que cada anciano es, en s\u00ed mismo, un archivo viviente de humanidad.<\/p>\n<p>Escuchar sus voces es construir una sociedad m\u00e1s justa, m\u00e1s emp\u00e1tica y m\u00e1s sabia.<\/p>\n<p>&nbsp;<\/p>\n<p><strong>Referencias<\/strong><\/p>\n<p><sub>Pad\u00edn, G. A. (2013). La memoria: concepto, funcionamiento y anomal\u00edas. Cuadernos del Tom\u00e1s, 5, 177-190. https:\/\/dialnet.unirioja.es\/descarga\/articulo\/4462486.pdf<\/sub><\/p>\n<p><sub>Psicopsi. (s.f.). Concepto de memoria (Memoria inmediata, Memoria reciente, Memoria remota) &#8211; Psicopsi. https:\/\/www.psicopsi.com\/concepto-memoria-inmediata-reciente-remota\/#google_vignette<\/sub><\/p>\n<p><sub>Vadillo-Melero, A. (2017). La memoria autobiogr\u00e1fica y la influencia de la cultura en su desarrollo. http:\/\/tauja.ujaen.es\/bitstream\/10953.1\/6113\/1\/Vadillo_Melero_Alexandra__TFG_Psicologia.pdf<\/sub><\/p>\n<p>&nbsp;<\/p>\n<p>&nbsp;<\/p>\n<p>&nbsp;<\/p>\n<p>&nbsp;<\/p>\n","protected":false},"excerpt":{"rendered":"<p>La memoria hist\u00f3rica es el conjunto de recuerdos, vivencias, saberes y experiencias que una sociedad guarda y transmite a lo [&hellip;]<\/p>\n","protected":false},"author":2,"featured_media":1694,"comment_status":"closed","ping_status":"closed","sticky":false,"template":"","format":"standard","meta":{"_exactmetrics_skip_tracking":false,"_exactmetrics_sitenote_active":false,"_exactmetrics_sitenote_note":"","_exactmetrics_sitenote_category":0,"footnotes":""},"categories":[10],"tags":[17,18,36,37,38,52,68,306,307,308,309],"class_list":["post-2680","post","type-post","status-publish","format-standard","has-post-thumbnail","hentry","category-actualidad","tag-centro-residencial","tag-residencia-de-personas-mayores","tag-envejecimiento-activo","tag-aislamiento-ancianos","tag-vivir-en-una-residencia","tag-personas-mayores","tag-cel-rubi","tag-relatos-de-vida-de-los-residentes","tag-memoria-ancianos","tag-memoria-colectiva","tag-memoria-historica"],"_links":{"self":[{"href":"https:\/\/rubisocial.bcnapps.es\/es\/wp-json\/wp\/v2\/posts\/2680","targetHints":{"allow":["GET"]}}],"collection":[{"href":"https:\/\/rubisocial.bcnapps.es\/es\/wp-json\/wp\/v2\/posts"}],"about":[{"href":"https:\/\/rubisocial.bcnapps.es\/es\/wp-json\/wp\/v2\/types\/post"}],"author":[{"embeddable":true,"href":"https:\/\/rubisocial.bcnapps.es\/es\/wp-json\/wp\/v2\/users\/2"}],"replies":[{"embeddable":true,"href":"https:\/\/rubisocial.bcnapps.es\/es\/wp-json\/wp\/v2\/comments?post=2680"}],"version-history":[{"count":1,"href":"https:\/\/rubisocial.bcnapps.es\/es\/wp-json\/wp\/v2\/posts\/2680\/revisions"}],"predecessor-version":[{"id":2686,"href":"https:\/\/rubisocial.bcnapps.es\/es\/wp-json\/wp\/v2\/posts\/2680\/revisions\/2686"}],"wp:featuredmedia":[{"embeddable":true,"href":"https:\/\/rubisocial.bcnapps.es\/es\/wp-json\/wp\/v2\/media\/1694"}],"wp:attachment":[{"href":"https:\/\/rubisocial.bcnapps.es\/es\/wp-json\/wp\/v2\/media?parent=2680"}],"wp:term":[{"taxonomy":"category","embeddable":true,"href":"https:\/\/rubisocial.bcnapps.es\/es\/wp-json\/wp\/v2\/categories?post=2680"},{"taxonomy":"post_tag","embeddable":true,"href":"https:\/\/rubisocial.bcnapps.es\/es\/wp-json\/wp\/v2\/tags?post=2680"}],"curies":[{"name":"wp","href":"https:\/\/api.w.org\/{rel}","templated":true}]}}