{"id":2301,"date":"2023-11-22T13:59:36","date_gmt":"2023-11-22T12:59:36","guid":{"rendered":"https:\/\/rubisocial.bcnapps.es\/?p=2301"},"modified":"2023-11-22T13:59:36","modified_gmt":"2023-11-22T12:59:36","slug":"rubi-social-avanza-hacia-la-sostenibilidad-con-la-instalacion-de-paneles-fotovoltaicos","status":"publish","type":"post","link":"https:\/\/rubisocial.bcnapps.es\/es\/2023\/11\/22\/rubi-social-avanza-hacia-la-sostenibilidad-con-la-instalacion-de-paneles-fotovoltaicos\/","title":{"rendered":"Rub\u00ed Social avanza hacia la sostenibilidad con la instalaci\u00f3n de paneles fotovoltaicos"},"content":{"rendered":"<p class=\"MsoNormal\"><b>Rub\u00ed Social<\/b> da un paso m\u00e1s en su <b>compromiso hacia la sostenibilidad<\/b> introduciendo un <b>nuevo<\/b> <b>modelo de consumo<\/b> respetuoso con el medio.<\/p>\n<p class=\"MsoNormal\">\n<p class=\"MsoNormal\">Este proyecto, financiado por los Fondos Next Generation EU dentro del Plan de recuperaci\u00f3n, transformaci\u00f3n y resiliencia, es parte de nuestra estrategia para conseguir un <b style=\"mso-bidi-font-weight: normal;\">consumo y producci\u00f3n de energ\u00eda 100% renovable<\/b> y de las iniciativas centradas en la transici\u00f3n hacia energ\u00edas m\u00e1s sostenibles que contribuyan a la <b style=\"mso-bidi-font-weight: normal;\">reducci\u00f3n de emisiones de CO2<\/b>.<\/p>\n<p><img decoding=\"async\" class=\"aligncenter wp-image-2295 size-full\" src=\"https:\/\/rubisocial.bcnapps.es\/wp-content\/uploads\/2023\/11\/cel.jpg\" alt=\"\" width=\"600\" height=\"400\" srcset=\"https:\/\/rubisocial.bcnapps.es\/wp-content\/uploads\/2023\/11\/cel.jpg 600w, https:\/\/rubisocial.bcnapps.es\/wp-content\/uploads\/2023\/11\/cel-300x200.jpg 300w, https:\/\/rubisocial.bcnapps.es\/wp-content\/uploads\/2023\/11\/cel-350x233.jpg 350w\" sizes=\"(max-width: 600px) 100vw, 600px\" \/><\/p>\n","protected":false},"excerpt":{"rendered":"<p>Rub\u00ed Social da un paso m\u00e1s en su compromiso hacia la sostenibilidad introduciendo un nuevo modelo de consumo respetuoso con [&hellip;]<\/p>\n","protected":false},"author":2,"featured_media":2295,"comment_status":"closed","ping_status":"closed","sticky":false,"template":"","format":"standard","meta":{"_exactmetrics_skip_tracking":false,"_exactmetrics_sitenote_active":false,"_exactmetrics_sitenote_note":"","_exactmetrics_sitenote_category":0,"footnotes":""},"categories":[10],"tags":[21,28,68,129,133,186,187,188,189],"class_list":["post-2301","post","type-post","status-publish","format-standard","has-post-thumbnail","hentry","category-actualidad","tag-rubi-social","tag-abusos-a-personas-mayores","tag-cel-rubi","tag-el-cel-rubi-es","tag-centre-residencial-es","tag-residencia-mayores","tag-sostenibilidad-residencia","tag-rse","tag-paneles-fotovoltaicos"],"_links":{"self":[{"href":"https:\/\/rubisocial.bcnapps.es\/es\/wp-json\/wp\/v2\/posts\/2301","targetHints":{"allow":["GET"]}}],"collection":[{"href":"https:\/\/rubisocial.bcnapps.es\/es\/wp-json\/wp\/v2\/posts"}],"about":[{"href":"https:\/\/rubisocial.bcnapps.es\/es\/wp-json\/wp\/v2\/types\/post"}],"author":[{"embeddable":true,"href":"https:\/\/rubisocial.bcnapps.es\/es\/wp-json\/wp\/v2\/users\/2"}],"replies":[{"embeddable":true,"href":"https:\/\/rubisocial.bcnapps.es\/es\/wp-json\/wp\/v2\/comments?post=2301"}],"version-history":[{"count":1,"href":"https:\/\/rubisocial.bcnapps.es\/es\/wp-json\/wp\/v2\/posts\/2301\/revisions"}],"predecessor-version":[{"id":2305,"href":"https:\/\/rubisocial.bcnapps.es\/es\/wp-json\/wp\/v2\/posts\/2301\/revisions\/2305"}],"wp:featuredmedia":[{"embeddable":true,"href":"https:\/\/rubisocial.bcnapps.es\/es\/wp-json\/wp\/v2\/media\/2295"}],"wp:attachment":[{"href":"https:\/\/rubisocial.bcnapps.es\/es\/wp-json\/wp\/v2\/media?parent=2301"}],"wp:term":[{"taxonomy":"category","embeddable":true,"href":"https:\/\/rubisocial.bcnapps.es\/es\/wp-json\/wp\/v2\/categories?post=2301"},{"taxonomy":"post_tag","embeddable":true,"href":"https:\/\/rubisocial.bcnapps.es\/es\/wp-json\/wp\/v2\/tags?post=2301"}],"curies":[{"name":"wp","href":"https:\/\/api.w.org\/{rel}","templated":true}]}}