{"id":1947,"date":"2022-11-18T12:18:36","date_gmt":"2022-11-18T12:18:36","guid":{"rendered":"https:\/\/rubisocial.bcnapps.es\/?p=1947"},"modified":"2022-11-18T12:21:17","modified_gmt":"2022-11-18T12:21:17","slug":"el-maltrato-en-personas-mayores","status":"publish","type":"post","link":"https:\/\/rubisocial.bcnapps.es\/es\/2022\/11\/18\/el-maltrato-en-personas-mayores\/","title":{"rendered":"El maltrato en personas mayores"},"content":{"rendered":"<p>Seg\u00fan la OMS, el maltrato a una persona mayor es \u201cun acto \u00fanico o repetido que causa da\u00f1o o sufrimiento a una persona de edad avanzada, o la falta de medidas apropiadas para evitarlo, que se produce en una relaci\u00f3n basada en la confianza\u201d. Seg\u00fan la Declaraci\u00f3n de Toronto (2002), la definici\u00f3n de maltrato a la gente mayor es toda \u201cacci\u00f3n \u00fanica o repetida, o carencia de respuesta adecuada, que se produce en cualquier relaci\u00f3n en que haya una expectativa de confianza y que provoca da\u00f1os o angustia en una persona mayor\u00bb. En este nuevo <strong>post<\/strong>, queremos abordar <strong>todo lo relacionado con el maltrato a personas<\/strong> <strong>mayores<\/strong>, qu\u00e9 tipos de maltratos existen, c\u00f3mo prevenirlos y c\u00f3mo abordarlos.<\/p>\n<h2>Compromiso con las personas mayores<\/h2>\n<p>El Grupo Rub\u00ed Social siempre defiende a diario su compromiso con el <a href=\"https:\/\/rubisocial.bcnapps.es\/es\/2022\/10\/19\/primeros-auxilios-en-personas-mayores\/\" target=\"_blank\" rel=\"noopener\">cuidado de las personas mayores<\/a>. Adem\u00e1s de la labor 24\/7\/365 como residencia, seguimos desarrollando y participamos en otras acciones para combatir este problema. Una de las m\u00e1s importantes es la colaboraci\u00f3n con el Ayuntamiento de Rub\u00ed y la Diputaci\u00f3n de Barcelona en la elaboraci\u00f3n de la \u201c<a href=\"https:\/\/www.rubi.cat\/fitxers\/documents-ok\/area-de-cohesio-social-i-serveis-a-les-persones\/serveis-socials\/glmpg.pdf\" target=\"_blank\" rel=\"noopener\"><strong>Gu\u00eda Local para hacer frente a los maltratos de las personas mayores<\/strong><\/a><strong>\u201d.<\/strong><\/p>\n<p>Los objetivos de esta gu\u00eda son:<\/p>\n<ul>\n<li>Impulsar la investigaci\u00f3n del maltrato a los ancianos.<\/li>\n<li>Sensibilizaci\u00f3n de los equipos profesionales que trabajan con gente mayor sobre el fen\u00f3meno del maltrato.<\/li>\n<li>Profundizar en el conocimiento de los maltratos a personas mayores.<\/li>\n<li>Proporcionar criterios para prevenir, detectar e intervenir en los maltratos.<\/li>\n<li>Facilitar una herramienta para orientar las actuaciones de los equipos profesionales.<\/li>\n<li>Destacar la importancia del abordaje multidisciplinario y que la carencia de respuesta adecuada tambi\u00e9n es una forma de maltrato.<\/li>\n<\/ul>\n<p>En este sentido, es <strong>fundamental la comunicaci\u00f3n y el abordaje multidisciplinar para detectar las situaciones de riesgo.<\/strong> Por ello, colaboramos activamente tanto con los Servicios sociales del Ayuntamiento de Rub\u00ed como con otras entidades locales, como por ejemplo los Centros de Atenci\u00f3n primaria, Centros de Salud Mental de Adultos, etc.<\/p>\n<h2>Una \u2018pandemia\u2019 silenciada y subestimada<\/h2>\n<p>El maltrato a los mayores es una realidad silenciosa y de escas\u00edsimo debate p\u00fablico. Una de las razones es que los mayores apenas se notifican casos de maltrato.<\/p>\n<p><strong>\u00bfPor qu\u00e9?<\/strong> Seg\u00fan el citado informe de la OMS, se debe al <strong>temor a las represalias<\/strong>, <strong>no querer<\/strong> <strong>causar problemas a su maltratador<\/strong> -especialmente si es un familiar-, <strong>carecer de las facultades<\/strong> <strong>mentales necesarias<\/strong> \u2013deterioro cognitivo-, la <strong>falta de conciencia y\u00a0sentir verg\u00fcenza<\/strong>. Y es que a menudo los maltratadores disfrutan de una relaci\u00f3n de cercan\u00eda y confianza con los mayores.<\/p>\n<p>A ese problema invisible se le une el hecho de que no interesa demasiado estudiarlo, a juzgar por las pocas investigaciones que se han llevado a cabo para abordar el tema. Y a mayor dependencia, mayor posibilidad de maltrato.<\/p>\n<p>Las estad\u00edsticas tambi\u00e9n desvelan que son m\u00e1s las mujeres mayores que sufren maltratos respecto a los varones, si bien esto tambi\u00e9n puede deberse a que ellas tienen una mayor esperanza de vida y m\u00e1s riesgo de sufrir deterioro cognitivo.<\/p>\n<figure id=\"attachment_1950\" aria-describedby=\"caption-attachment-1950\" style=\"width: 600px\" class=\"wp-caption aligncenter\"><img decoding=\"async\" class=\"wp-image-1950 size-full\" src=\"https:\/\/rubisocial.bcnapps.es\/wp-content\/uploads\/2022\/11\/hombre-mayor-mascarilla.jpg\" alt=\"\" width=\"600\" height=\"375\" srcset=\"https:\/\/rubisocial.bcnapps.es\/wp-content\/uploads\/2022\/11\/hombre-mayor-mascarilla.jpg 600w, https:\/\/rubisocial.bcnapps.es\/wp-content\/uploads\/2022\/11\/hombre-mayor-mascarilla-300x188.jpg 300w, https:\/\/rubisocial.bcnapps.es\/wp-content\/uploads\/2022\/11\/hombre-mayor-mascarilla-350x219.jpg 350w\" sizes=\"(max-width: 600px) 100vw, 600px\" \/><figcaption id=\"caption-attachment-1950\" class=\"wp-caption-text\">Imagen de <a href=\"https:\/\/pixabay.com\/es\/users\/alexandra_koch-621802\/?utm_source=link-attribution&amp;utm_medium=referral&amp;utm_campaign=image&amp;utm_content=5410293\">Alexandra_Koch<\/a> en <a href=\"https:\/\/pixabay.com\/es\/\/?utm_source=link-attribution&amp;utm_medium=referral&amp;utm_campaign=image&amp;utm_content=5410293\">Pixabay<\/a><\/figcaption><\/figure>\n<h2>Tipos de maltrato en personas mayores<\/h2>\n<p>Seg\u00fan el estudio\u00a0<em><a href=\"https:\/\/www.sciencedirect.com\/science\/article\/abs\/pii\/S0025775313000614\" target=\"_blank\" rel=\"noopener\"><strong>Prevalencia de malos tratos hacia personas mayores que viven en la comunidad en Espa\u00f1a<\/strong><\/a><\/em>, publicado en 2012 en la revista cient\u00edfica\u00a0Medicina Cl\u00ednica, el tipo m\u00e1s frecuente de malos tratos es el psicol\u00f3gico (11,5\u00a0%), seguido del maltrato f\u00edsico y sexual (2,95\u00a0%). La negligencia (2,07\u00a0%) y el abuso econ\u00f3mico (1,11\u00a0%) son menos frecuentes.<\/p>\n<p>Veamos a continuaci\u00f3n m\u00e1s detalles sobre los tipos de maltrato m\u00e1s habituales hacia personas mayores:<\/p>\n<ul>\n<li><strong>Maltrato psicol\u00f3gico<\/strong>: Aislamiento, coacci\u00f3n, insultos, menosprecio, gritos, burlas, amenazas, falta de respeto, dominio, imposici\u00f3n\u2026<\/li>\n<li><strong>Abuso econ\u00f3mico<\/strong>: Es el uso ilegal o impropio de todos o algunos de los fondos econ\u00f3micos, bienes, propiedades o posesiones de la persona mayor. Al igual que el maltrato psicol\u00f3gico, se da mayoritariamente en el entorno familiar.<\/li>\n<li><strong>Negligencia<\/strong>: Hablamos de casos como descuidar la medicaci\u00f3n, alimentaci\u00f3n o higiene de la persona mayor<\/li>\n<li><strong>Maltrato f\u00edsico<\/strong>: Usar la fuerza f\u00edsica para causar da\u00f1os corporales en forma de golpes, empujones, patadas, bofetadas, quemaduras, etc.<\/li>\n<li><strong>Agresiones sexuales<\/strong>: Va desde desnudez forzada a violaci\u00f3n, tocamientos\u2026<\/li>\n<li><strong>Abandono<\/strong>: Dejar desamparada a una persona y omitir nuestra responsabilidad tambi\u00e9n es una forma de maltrato.<\/li>\n<\/ul>\n<p>Hay otros maltratos que se conocen como \u2018sutiles\u2019. Se dan cuando, por ejemplo, se administran f\u00e1rmacos de manera abusiva para que el anciano se mueva menos o para estimularle si est\u00e1 adormilado. Infantilizar el trato, o manipular constantemente, tambi\u00e9n son formas de maltrato sutil.<\/p>\n<h2>Soluciones y alternativas para afrontar este problema<\/h2>\n<p>Para dar respuesta a semejante desaf\u00edo, y con motivo del D\u00eda Mundial de Toma de Conciencia de Abuso y Maltrato en la Vejez, la OMS y sus asociados publicaron el documento\u00a0<em><a href=\"https:\/\/www.who.int\/publications-detail-redirect\/9789240052550\" target=\"_blank\" rel=\"noopener\">Tackling abuse of older people: five priorities for the UN Decade of Healthy Ageing (2021\u20132030)<\/a><\/em>,\u00a0en el que presentaron 6 prioridades para el Decenio de las Naciones Unidas del Envejecimiento Saludable (2021-2030). Son:<\/p>\n<ul>\n<li><strong>Combatir el edadismo<\/strong>, una de las principales razones por las que el maltrato a las personas mayores recibe tan poca atenci\u00f3n. El edadismo es la discriminaci\u00f3n por edad, es decir, los estereotipos (c\u00f3mo pensamos), prejuicios (c\u00f3mo nos sentimos) y discriminaci\u00f3n (c\u00f3mo actuamos) con las personas en funci\u00f3n de su edad.<\/li>\n<li>Generar <strong>m\u00e1s datos y de mejor calidad<\/strong> para concienciar sobre este problema.<\/li>\n<li>Concebir <a href=\"https:\/\/rubisocial.bcnapps.es\/es\/2022\/09\/15\/centros-de-dia-prestaciones-y-ayudas-ley-dependencia\/\" target=\"_blank\" rel=\"noopener\"><strong>soluciones rentables<\/strong><\/a> para poner fin a este tipo de maltrato y ampliar su uso.<\/li>\n<li>Elaborar un <a href=\"https:\/\/rubisocial.bcnapps.es\/es\/2022\/09\/15\/centros-de-dia-prestaciones-y-ayudas-ley-dependencia\/\" target=\"_blank\" rel=\"noopener\"><strong>argumentario a favor de la inversi\u00f3n<\/strong><\/a> en este asunto para convencer de que es un dinero bien empleado.<\/li>\n<li>Recaudar <strong>fondos<\/strong>, ya que se necesitan m\u00e1s recursos para abordar el problema.<\/li>\n<\/ul>\n<p>Estas medidas hablan a las claras de otro tipo de maltrato, el institucional, que es el que ejercen las administraciones cuando no aportan los recursos necesarios para que las personas mayores tengan una vida digna.<\/p>\n<p>Por ello, tambi\u00e9n es fundamental fomentar el buen trato hacia ellos mediante campa\u00f1as de sensibilizaci\u00f3n dirigidas a la sociedad, las administraciones p\u00fablicas y empresas.<\/p>\n<figure id=\"attachment_1952\" aria-describedby=\"caption-attachment-1952\" style=\"width: 600px\" class=\"wp-caption aligncenter\"><img decoding=\"async\" class=\"wp-image-1952 size-full\" src=\"https:\/\/rubisocial.bcnapps.es\/wp-content\/uploads\/2022\/11\/persona-mayor-andando.jpg\" alt=\"\" width=\"600\" height=\"375\" srcset=\"https:\/\/rubisocial.bcnapps.es\/wp-content\/uploads\/2022\/11\/persona-mayor-andando.jpg 600w, https:\/\/rubisocial.bcnapps.es\/wp-content\/uploads\/2022\/11\/persona-mayor-andando-300x188.jpg 300w, https:\/\/rubisocial.bcnapps.es\/wp-content\/uploads\/2022\/11\/persona-mayor-andando-350x219.jpg 350w\" sizes=\"(max-width: 600px) 100vw, 600px\" \/><figcaption id=\"caption-attachment-1952\" class=\"wp-caption-text\">Imagen de <a href=\"https:\/\/pixabay.com\/es\/users\/cocoparisienne-127419\/?utm_source=link-attribution&amp;utm_medium=referral&amp;utm_campaign=image&amp;utm_content=874979\">Anja<\/a> en <a href=\"https:\/\/pixabay.com\/es\/\/?utm_source=link-attribution&amp;utm_medium=referral&amp;utm_campaign=image&amp;utm_content=874979\">Pixabay<\/a><\/figcaption><\/figure>\n<h2>Pistas y consejos para detectar el maltrato a tiempo<\/h2>\n<p>Al igual que sucede con los ni\u00f1os, los mayores, en muchos casos, especialmente si no son aut\u00f3nomos e independientes, est\u00e1n en situaci\u00f3n de vulnerabilidad. Por lo tanto, tenemos que estar muy alerta para detectar cualquier signo que indique que algo no va bien.<\/p>\n<p>Es imprescindible <a href=\"https:\/\/rubisocial.bcnapps.es\/es\/2022\/10\/19\/primeros-auxilios-en-personas-mayores\/\" target=\"_blank\" rel=\"noopener\"><strong>actuar antes de que estas situaciones puedan generar lesiones f\u00edsicas<\/strong><\/a>, <strong>agravamiento de enfermedades o incapacidad permanente<\/strong>, por un lado, y ansiedad, soledad y <strong>p\u00e9rdida de la esperanza y la confianza <\/strong>por otro lado.<\/p>\n<p>De entrada, hay que tener en cuenta que el <strong>perfil del maltratador<\/strong> suele responder a alguien que consuma drogas o alcohol, que abuse del uso de f\u00e1rmacos, con elevados nivel de estr\u00e9s, falta de apoyo social, sin formaci\u00f3n en atenci\u00f3n a las personas mayores, en <a href=\"https:\/\/rubisocial.bcnapps.es\/es\/2022\/09\/15\/centros-de-dia-prestaciones-y-ayudas-ley-dependencia\/\" target=\"_blank\" rel=\"noopener\">situaci\u00f3n de dependencia afectiva o econ\u00f3mica de la persona mayor<\/a>\u2026<\/p>\n<p>En el caso de los <strong>cuidadores o el personal sanitario<\/strong>, la falta de formaci\u00f3n, el estr\u00e9s laboral y un escaso control por su labor son las principales razones.<\/p>\n<p>Al respecto, las <strong>personas mayores que son proclives a ser v\u00edctimas de maltrato f\u00edsico<\/strong> o psicol\u00f3gico suelen presentar alg\u00fan deterioro cognitivo o trastorno psicol\u00f3gico, estar en situaci\u00f3n de dependencia, ser de edad muy avanzada, o sufrir demencia con conductas muy alteradas viviendo con cuidadores familiares.<\/p>\n<h3>Se\u00f1ales de alerta<\/h3>\n<p>Lo primero que hay que considerar es que todos (familia, residencia, profesionales, amigos, etc.) deben ejercer la vigilancia. A partir de aqu\u00ed, es fundamental que nuestros mayores <strong>no se vean o sientan aislados, que tengan un interlocutor v\u00e1lido y confiable para que expresen lo que les pasa o sienten.<\/strong><\/p>\n<p>Precisamente esto ayudar\u00e1 a detectar las se\u00f1ales de alarma que nos indican que puede haber malos tratos, como son:<\/p>\n<ul>\n<li>No poder llevar a cabo sus actividades de la vida cotidiana y estar en situaci\u00f3n de aislamiento.<\/li>\n<li>No poder recibir visitas ni comunicarse con sus allegados porque los familiares u otras personas se lo impiden.<\/li>\n<li>Movimientos extra\u00f1os en sus cuentas bancarias, firmas en contratos que no tienen sentido\u2026<\/li>\n<li>Una apariencia muy descuidada.<\/li>\n<li>Encontrar signos de desnutrici\u00f3n o deshidrataci\u00f3n.<\/li>\n<li>Que muestren una actitud de miedo, retraimiento o inquietud, y con el estado de \u00e1nimo alterado (insomnio, ansiedad, confusi\u00f3n, etc.)<\/li>\n<li>Manifiesta un deseo manifiesto y reiterado de morirse.<\/li>\n<\/ul>\n<p>Frente a ello, <strong>debemos actuar con la m\u00e1xima rapidez y celeridad,<\/strong> informando a los Servicios Sociales, al <a href=\"https:\/\/www.imserso.es\/imserso_01\/index.htm\" target=\"_blank\" rel=\"noopener\">Imserso<\/a>, a la residencia o a alguna de las Asociaciones que velan por el bienestar de las personas mayores, como\u00a0<a href=\"https:\/\/ceoma.org\/\" target=\"_blank\" rel=\"noopener\">CEOMA<\/a>\u00a0o\u00a0<a href=\"https:\/\/eimaassociacio.com\/\" target=\"_blank\" rel=\"noopener\">EIMA<\/a>.<\/p>\n<h2>Prevenci\u00f3n del maltrato a personas mayores<\/h2>\n<p>A la hora de prevenir el maltrato en mayores, hay multitud de acciones que podemos llevar a cabo, entre ellas:<\/p>\n<ul>\n<li>Evitar el aislamiento\u00a0social.<\/li>\n<li>Campa\u00f1as de concienciaci\u00f3n p\u00fablica y profesional.<\/li>\n<li>Adecuar la vivienda\u00a0de las personas mayores a sus necesidades.<\/li>\n<li>No sobrecargar a los cuidadores principales y favorecer y\u00a0facilitar el apoyo social,\u00a0institucional y familiar.<\/li>\n<li>Programas intergeneracionales desde la escuela.<\/li>\n<li>Buscar\u00a0apoyo\u00a0psicoterap\u00e9utico.<\/li>\n<li>Que dispongan de un cuaderno\u00a0donde puedan escribir sus vivencias, sentimientos, temores, etc.<\/li>\n<li>L\u00edneas telef\u00f3nicas de ayuda, casas de acogida y alojamientos de emergencia.<\/li>\n<li>Pol\u00edticas relativas a la atenci\u00f3n en residencias para definir y mejorar los est\u00e1ndares de atenci\u00f3n.<\/li>\n<li>No calificar a la persona y no usar lenguaje que le estigmatice.<\/li>\n<\/ul>\n<p>En general, la mejor prevenci\u00f3n son las intervenciones que realizan los cuidadores, aliviando la carga que soportan los allegados a la persona mayor, adem\u00e1s de una mejor financiaci\u00f3n del dinero para quienes tengan mayor riesgo de sufrir explotaci\u00f3n econ\u00f3mica.<\/p>\n<p>En este sentido, es clave que tanto el sector de la salud como las administraciones <strong>se<\/strong> <strong>responsabilicen de sensibilizar a la opini\u00f3n p\u00fablica sobre este problema<\/strong>.<\/p>\n<h3>Puntos b\u00e1sicos de la intervenci\u00f3n en casos de maltrato<\/h3>\n<ol>\n<li><strong>Prevenir<\/strong>: Observar y detectar aquellas situaciones de riesgo que pueden ser causa de un maltrato ya sea por acci\u00f3n o por omisi\u00f3n.<\/li>\n<li><strong style=\"font-family: -apple-system, BlinkMacSystemFont, 'Segoe UI', Roboto, Oxygen-Sans, Ubuntu, Cantarell, 'Helvetica Neue', sans-serif;\">Proteger pero sin ser extremadamente invasivos, respetando en todo caso la capacidad de decidir de la persona<\/strong><span style=\"font-family: -apple-system, BlinkMacSystemFont, 'Segoe UI', Roboto, Oxygen-Sans, Ubuntu, Cantarell, 'Helvetica Neue', sans-serif;\">: Cualquier intervenci\u00f3n tiene que contar con la persona implicada. No contar con la v\u00edctima en caso de maltrato nos convierte en parte del problema, pues estamos anulando su capacidad de decisi\u00f3n. Para garantizar que se respeta la voluntad de la persona cuando esta no est\u00e9 capacitada para decidir, es crucial contar con un <\/span><strong style=\"font-family: -apple-system, BlinkMacSystemFont, 'Segoe UI', Roboto, Oxygen-Sans, Ubuntu, Cantarell, 'Helvetica Neue', sans-serif;\">documento de voluntades anticipadas que act\u00faa como mecanismo de autoprotecci\u00f3n de la persona dependiente.<\/strong><\/li>\n<\/ol>\n","protected":false},"excerpt":{"rendered":"<p>Seg\u00fan la OMS, el maltrato a una persona mayor es \u201cun acto \u00fanico o repetido que causa da\u00f1o o sufrimiento [&hellip;]<\/p>\n","protected":false},"author":2,"featured_media":1948,"comment_status":"closed","ping_status":"closed","sticky":false,"template":"","format":"standard","meta":{"_exactmetrics_skip_tracking":false,"_exactmetrics_sitenote_active":false,"_exactmetrics_sitenote_note":"","_exactmetrics_sitenote_category":0,"footnotes":""},"categories":[10],"tags":[27,52,105,118,119],"class_list":["post-1947","post","type-post","status-publish","format-standard","has-post-thumbnail","hentry","category-actualidad","tag-maltrato-en-la-vejez","tag-personas-mayores","tag-cuidado-de-personas-mayores","tag-maltrato-en-personas-mayores","tag-residencias-de-ancianos"],"_links":{"self":[{"href":"https:\/\/rubisocial.bcnapps.es\/es\/wp-json\/wp\/v2\/posts\/1947","targetHints":{"allow":["GET"]}}],"collection":[{"href":"https:\/\/rubisocial.bcnapps.es\/es\/wp-json\/wp\/v2\/posts"}],"about":[{"href":"https:\/\/rubisocial.bcnapps.es\/es\/wp-json\/wp\/v2\/types\/post"}],"author":[{"embeddable":true,"href":"https:\/\/rubisocial.bcnapps.es\/es\/wp-json\/wp\/v2\/users\/2"}],"replies":[{"embeddable":true,"href":"https:\/\/rubisocial.bcnapps.es\/es\/wp-json\/wp\/v2\/comments?post=1947"}],"version-history":[{"count":1,"href":"https:\/\/rubisocial.bcnapps.es\/es\/wp-json\/wp\/v2\/posts\/1947\/revisions"}],"predecessor-version":[{"id":1957,"href":"https:\/\/rubisocial.bcnapps.es\/es\/wp-json\/wp\/v2\/posts\/1947\/revisions\/1957"}],"wp:featuredmedia":[{"embeddable":true,"href":"https:\/\/rubisocial.bcnapps.es\/es\/wp-json\/wp\/v2\/media\/1948"}],"wp:attachment":[{"href":"https:\/\/rubisocial.bcnapps.es\/es\/wp-json\/wp\/v2\/media?parent=1947"}],"wp:term":[{"taxonomy":"category","embeddable":true,"href":"https:\/\/rubisocial.bcnapps.es\/es\/wp-json\/wp\/v2\/categories?post=1947"},{"taxonomy":"post_tag","embeddable":true,"href":"https:\/\/rubisocial.bcnapps.es\/es\/wp-json\/wp\/v2\/tags?post=1947"}],"curies":[{"name":"wp","href":"https:\/\/api.w.org\/{rel}","templated":true}]}}