{"id":1887,"date":"2022-09-15T08:47:21","date_gmt":"2022-09-15T08:47:21","guid":{"rendered":"https:\/\/rubisocial.bcnapps.es\/?p=1887"},"modified":"2022-09-15T08:47:21","modified_gmt":"2022-09-15T08:47:21","slug":"centros-de-dia-prestaciones-y-ayudas-ley-dependencia","status":"publish","type":"post","link":"https:\/\/rubisocial.bcnapps.es\/es\/2022\/09\/15\/centros-de-dia-prestaciones-y-ayudas-ley-dependencia\/","title":{"rendered":"Centros de d\u00eda: prestaciones y ayudas econ\u00f3micas en la Ley de Dependencia"},"content":{"rendered":"<p>La dependencia es aquel estado en el que una persona, por diversas situaciones relacionadas con la edad, enfermedad o alguna discapacidad, requiere de la atenci\u00f3n de otras personas que le ayuden a realizar las actividades b\u00e1sicas de la vida diaria. En los mayores, esta p\u00e9rdida de autonom\u00eda f\u00edsica, ps\u00edquica o intelectual conlleva <strong>una necesidad de asistencia o ayudas para desarrollar los actos elementales del d\u00eda a d\u00eda.<\/strong><\/p>\n<p>En Espa\u00f1a, con la aprobaci\u00f3n de la <strong>Ley de Dependencia en 2006<\/strong>, cualquier persona que est\u00e9 en situaci\u00f3n de dependencia puede acceder a las prestaciones que contempla la Ley, siempre y cuando tenga reconocida la situaci\u00f3n de dependencia en alguno de los grados establecidos en la propia Ley.<\/p>\n<p>La informaci\u00f3n sobre dichos grados, as\u00ed como todo lo relacionado con el funcionamiento y caracter\u00edsticas de la <strong>Ley de Dependencia<\/strong> en nuestro pa\u00eds, <a href=\"https:\/\/rubisocial.bcnapps.es\/es\/2021\/11\/18\/ley-de-dependencia\/\">la encontrar\u00e9is en este post<\/a>.<\/p>\n<p>Hoy, queremos centrarnos en los servicios de los <strong>Centros de d\u00eda y las prestaciones asistenciales y econ\u00f3micas que se pueden solicitar<\/strong>.<\/p>\n<h2>Dependencia y PIA como primer paso<\/h2>\n<p>Lo primero, claro est\u00e1, es haber realizado los tr\u00e1mites y tener reconocida la situaci\u00f3n de dependencia en cualquiera de los grados establecidos. Justo despu\u00e9s, los Servicios Sociales realizan el <strong>Plan Individual de Atenci\u00f3n<\/strong> (PIA), que es el instrumento para determinar las necesidades y los recursos m\u00e1s adecuados seg\u00fan cada caso y situaci\u00f3n.<\/p>\n<p>Las prestaciones de atenci\u00f3n a la dependencia contemplan tanto prestaciones econ\u00f3micas como servicios, estos \u00faltimos con car\u00e1cter prioritario.<\/p>\n<h3>Grados de dependencia en Catalu\u00f1a<\/h3>\n<p>Cada comunidad aut\u00f3noma es la que se encarga de valorar el grado de dependencia. En el caso de Catalu\u00f1a, donde se encuentran<strong> nuestros centros de El Cel de Rub\u00ed y Residencia Conxita Valls<\/strong>, hablamos de tres grados de dependencia:<\/p>\n<ul>\n<li><strong>Dependencia moderada (Grado I):<\/strong> La persona solo tiene necesidades intermitentes de ayuda, como m\u00ednimo una vez al d\u00eda.<\/li>\n<li><strong>Dependencia severa (Grado II):<\/strong> La persona no necesita la presencia permanente para ser ayudada, pero s\u00ed que la necesita para realizar varias actividades b\u00e1sicas.<\/li>\n<li><strong>Gran dependencia (Grado III):<\/strong> Se da cuando hay una p\u00e9rdida total de la autonom\u00eda f\u00edsica o mental, y precisa de la presencia continuada de otra persona.<\/li>\n<\/ul>\n<h2>Los centros de d\u00eda: qu\u00e9 son y qu\u00e9 ofrecen<\/h2>\n<p>Los <strong>centros de d\u00eda<\/strong>, como El Cel de Rub\u00ed, son instalaciones especializadas en la tercera edad donde un grupo de profesionales se dedica a atender las necesidades espec\u00edficas de las personas mayores \u00fanicamente durante unas horas determinadas del d\u00eda.<\/p>\n<p>Este tipo de centros son a menudo el paso previo a una residencia continua de una persona mayor, siendo la primera fase de la aclimataci\u00f3n a la residencia.<\/p>\n<p>Por tanto, y en l\u00edneas generales, <strong>los Centros de d\u00eda en Catalu\u00f1a ofrecen un servicio de acogimiento residencial diurno y moment\u00e1neo<\/strong> dirigido a personas de 65 a\u00f1os y m\u00e1s en situaci\u00f3n de dependencia que necesitan organizaci\u00f3n, supervisi\u00f3n y asistencia en las actividades de la vida diaria.<\/p>\n<p>Estos centros complementan la atenci\u00f3n propia del entorno familiar, con los objetivos de favorecer la recuperaci\u00f3n y el mantenimiento de la autonom\u00eda personal y social, mantener a la persona en su entorno personal y familiar en las mejores condiciones y proporcionar apoyo a las familias en la atenci\u00f3n a las personas mayores dependientes.<\/p>\n<h3>\u00bfC\u00f3mo se asignan los centros de d\u00eda?<\/h3>\n<p>Tal y como indic\u00e1bamos antes, la asignaci\u00f3n de un centro de d\u00eda se lleva a cabo a trav\u00e9s del\u00a0 <strong>Programa individual de atenci\u00f3n<\/strong> (PIA), que realizan los servicios sociales p\u00fablicos y que determina las modalidades de intervenci\u00f3n m\u00e1s adecuadas a las necesidades de las personas en situaci\u00f3n de dependencia en cuanto a los servicios y prestaciones econ\u00f3micas previstas en la resoluci\u00f3n por su grado y nivel.<\/p>\n<p>La solicitud para este estudio puede realizarse en el Centro de Atenci\u00f3n Primaria a trav\u00e9s del trabajador social, o en la sede de los Servicios Sociales del municipio.<\/p>\n<p><img decoding=\"async\" class=\"size-full wp-image-1881 aligncenter\" src=\"https:\/\/rubisocial.bcnapps.es\/wp-content\/uploads\/2022\/09\/juego-residencia.jpg\" alt=\"\" width=\"600\" height=\"375\" srcset=\"https:\/\/rubisocial.bcnapps.es\/wp-content\/uploads\/2022\/09\/juego-residencia.jpg 600w, https:\/\/rubisocial.bcnapps.es\/wp-content\/uploads\/2022\/09\/juego-residencia-300x188.jpg 300w\" sizes=\"(max-width: 600px) 100vw, 600px\" \/><\/p>\n<h2>\u00bfQu\u00e9 ayudas ofrece la Ley de Dependencia?<\/h2>\n<p>Las ayudas a la dependencia pueden ser de dos tipos: de servicios o econ\u00f3micas. Entre los servicios que contempla la ley, encontramos:<\/p>\n<ul>\n<li><strong>Servicios de prevenci\u00f3n de la dependencia y promoci\u00f3n de la autonom\u00eda<\/strong>: programas preventivos y de rehabilitaci\u00f3n llevados a cabo por los servicios sociales y sanitarios.<\/li>\n<li><strong>Servicio de teleasistencia<\/strong>: servicio dirigido a personas mayores o con discapacidad que viven solas y que les permite pedir ayuda en el propio domicilio en caso de necesidad.<\/li>\n<li><strong>Servicio de ayuda a domicilio<\/strong>: atienden las necesidades de la persona en su propia vivienda, tanto los cuidados personales como los cuidados del hogar.<\/li>\n<li><strong>Centros de d\u00eda y Centros de noche<\/strong>, que representan una alternativa al ingreso residencial<\/li>\n<li><strong>Servicios de atenci\u00f3n residencial<\/strong> ya sea en centros privados acreditados o p\u00fablicos.<\/li>\n<\/ul>\n<p>Por otro lado, est\u00e1n las <strong>prestaciones econ\u00f3micas<\/strong>, cuyo objetivo es cubrir los costes de los <strong>servicios<\/strong> del <strong>programa individual de atenci\u00f3n (PIA)<\/strong> cuando no se puede ser atendido por un servicio p\u00fablico o concertado. Se trata, pues, de las ayudas econ\u00f3micas que contempla la Ley buscando aliviar los gastos derivados de la dependencia.<\/p>\n<p>Entre estas ayudas para centros de d\u00eda y residencias destacan las que mencionamos a continuaci\u00f3n.<\/p>\n<h3>Prestaci\u00f3n econ\u00f3mica vinculada al Servicio (PEVS) o cheque servicio<\/h3>\n<p>Esta ayuda econ\u00f3mica, recogida dentro del <strong>Sistema para la Autonom\u00eda y Atenci\u00f3n a la Dependencia (SAAD)<\/strong>, va destinada al pago de servicios de atenci\u00f3n residencial, atenci\u00f3n diurna o ayuda a domiciliaria de personas dependientes.<\/p>\n<p>Se ofrece esta prestaci\u00f3n cuando no se puede acceder a un servicio p\u00fablico de atenci\u00f3n de cuidados, con el objetivo de facilitar el pago de estos servicios en el sector privado, cuando la persona dependiente prefiere optar por \u00e9ste en lugar de por una plaza p\u00fablica. Las pagas a percibir se dividen en doce al a\u00f1o y la cuant\u00eda depender\u00e1 del grado de dependencia obtenido, del coste del servicio y de los ahorros econ\u00f3micos del solicitante.<\/p>\n<p>El <strong>PEVS en Catalu\u00f1a<\/strong> consiste en servicio de atenci\u00f3n domiciliaria, servicio de centro de d\u00eda para personas mayores y servicios de centros residenciales para personas mayores, como es el caso de <a href=\"https:\/\/rubisocial.bcnapps.es\/es\/\"><strong>El Cel de Rub\u00ed<\/strong><\/a>.<\/p>\n<h3>Prestaci\u00f3n para cuidados en el entorno familiar y apoyo a cuidadores no profesionales<\/h3>\n<p>Es la ayuda que ofrece el Estado para contribuir a los gastos derivados de la atenci\u00f3n por parte de un cuidador del entorno familiar o persona de confianza a un mayor en situaci\u00f3n de dependencia en su domicilio.<\/p>\n<p>Ambas prestaciones est\u00e1n sujetas al grado de dependencia y a la capacidad econ\u00f3mica del beneficiario, siendo las cuant\u00edas m\u00e1ximas las siguientes:<\/p>\n<p><img decoding=\"async\" class=\"size-full wp-image-1888 aligncenter\" src=\"https:\/\/rubisocial.bcnapps.es\/wp-content\/uploads\/2022\/09\/Captura-de-pantalla-2022-09-15-a-las-10.41.19.png\" alt=\"\" width=\"884\" height=\"380\" srcset=\"https:\/\/rubisocial.bcnapps.es\/wp-content\/uploads\/2022\/09\/Captura-de-pantalla-2022-09-15-a-las-10.41.19.png 884w, https:\/\/rubisocial.bcnapps.es\/wp-content\/uploads\/2022\/09\/Captura-de-pantalla-2022-09-15-a-las-10.41.19-300x129.png 300w, https:\/\/rubisocial.bcnapps.es\/wp-content\/uploads\/2022\/09\/Captura-de-pantalla-2022-09-15-a-las-10.41.19-768x330.png 768w\" sizes=\"(max-width: 884px) 100vw, 884px\" \/><\/p>\n<p>En definitiva, estas ayudas econ\u00f3micas a la dependencia son \u00f3ptimas para las familias, ya que con ellas se pueden <strong>costear los gastos de los centros residenciales<\/strong>. Esto supone un gran alivio para, por ejemplo, muchas familias que no pueden permitirse <strong>aguardar las largas listas de espera<\/strong> de una <strong>residencia p\u00fablica<\/strong> o que se decantan por <a href=\"https:\/\/rubisocial.bcnapps.es\/es\/2022\/04\/21\/las-salas-de-estimulacion-multisensorial-o-snoezelen\/\"><strong>centros muy reconocidos por su apuesta por el m\u00e1ximo bienestar del residente<\/strong><\/a>.<\/p>\n<h4>Conclusi\u00f3n<\/h4>\n<p>El actual <strong>Sistema de Atenci\u00f3n a la Dependencia<\/strong> prev\u00e9 dos opciones como ayuda a los dependientes y sus familias:<\/p>\n<ul>\n<li>El servicio de centro de d\u00eda.<\/li>\n<li>Una prestaci\u00f3n econ\u00f3mica vinculada al centro de d\u00eda privado para usuarios mayores de 65 a\u00f1os o en situaciones de an\u00e1loga naturaleza a partir del grado 1 de dependencia.<\/li>\n<\/ul>\n<p>Por un lado, <strong>el Servicio de atenci\u00f3n a la dependencia ofrece plazas p\u00fablicas, concertadas o colaboradoras de centro de d\u00eda<\/strong>, en el que se establecen dos tipos de jornada:<\/p>\n<ul>\n<li><strong>Media jornada<\/strong>: 5 horas diarias.<\/li>\n<li><strong>Jornada completa<\/strong>: 10 horas diarias.<\/li>\n<\/ul>\n<p>En este caso, el usuario puede decidir cuantos d\u00edas a la semana quiere hacer uso del servicio (de lunes a viernes, de lunes a domingo, etc.) En funci\u00f3n de la jornada y los d\u00edas elegidos y en base a los ingresos de la persona usuaria, la Generalitat de Catalunya establece una aportaci\u00f3n para el usuario.<\/p>\n<p>Por otro lado, est\u00e1 la <strong>prestaci\u00f3n vinculada al centro de d\u00eda<\/strong>. Se trata de una prestaci\u00f3n econ\u00f3mica destinada al ingreso en plaza privada de centro de d\u00eda. El importe de \u00e9sta prestaci\u00f3n va en funci\u00f3n del grado de Dependencia de la persona as\u00ed como de sus ingresos. Pueden acceder a ella todos los usuarios que cumplan los requisitos establecidos y se puede dar en <strong>centros acreditados por la Generalitat de Catalunya<\/strong> como <strong>El Cel de Rub\u00ed<\/strong>.<\/p>\n<p>En ambos casos, el centro de d\u00eda es compatible con otros servicios como pueden ser el de atenci\u00f3n a domicilio, servicio de limpieza, prestaci\u00f3n de cuidador no profesional, etc.<\/p>\n<p>Al <strong>calcular el importe de la ayuda o la prestaci\u00f3n<\/strong>, la <strong>trabajadora social<\/strong> de referencia del usuario calcula conjuntamente todos los servicios solicitados, siempre y cuando sean compatibles, y a partir de este c\u00e1lculo junto con los ingresos, se establece lo que el usuario deber\u00e1 pagar o cobrar por cada uno de los servicios o prestaciones que se acuerden entre la Trabajadora social y el usuario y su familia.<\/p>\n<h2>Beneficios de contar con El Cel de Rub\u00ed como Centro de D\u00eda<\/h2>\n<p>Los usuarios del <a href=\"https:\/\/rubisocial.bcnapps.es\/es\/residencia-el-cel-de-rubi\/\">centro de d\u00eda de El Cel de Rub\u00ed<\/a> pueden disfrutar de todos los servicios del centro tales como actividades de <a href=\"https:\/\/rubisocial.bcnapps.es\/es\/2022\/02\/17\/figura-terapeuta-ocupacional-cel-rubi\/\">estimulaci\u00f3n cognitiva, gimnasia, psicomotricidad<\/a>, <a href=\"https:\/\/rubisocial.bcnapps.es\/es\/2022\/04\/21\/las-salas-de-estimulacion-multisensorial-o-snoezelen\/\">roboterapia, estimulaci\u00f3n sensorial, laborterapia<\/a>,\u00a0 taller de cocina\u2026 adem\u00e1s de todas las dietas que est\u00e9n dentro de su jornada, siempre adaptadas a sus preferencias y sus necesidades.<\/p>\n<p>En nuestro centro tambi\u00e9n ofrecemos a los usuarios la posibilidad de realizar una ducha semanal en el centro y de acceder a <strong>otros servicios como la peluquer\u00eda o la podolog\u00eda<\/strong>.<\/p>\n","protected":false},"excerpt":{"rendered":"<p>La dependencia es aquel estado en el que una persona, por diversas situaciones relacionadas con la edad, enfermedad o alguna [&hellip;]<\/p>\n","protected":false},"author":2,"featured_media":1879,"comment_status":"closed","ping_status":"closed","sticky":false,"template":"","format":"standard","meta":{"_exactmetrics_skip_tracking":false,"_exactmetrics_sitenote_active":false,"_exactmetrics_sitenote_note":"","_exactmetrics_sitenote_category":0,"footnotes":""},"categories":[10],"tags":[17,58,68,77,102,103],"class_list":["post-1887","post","type-post","status-publish","format-standard","has-post-thumbnail","hentry","category-actualidad","tag-centro-residencial","tag-ley-de-dependencia","tag-cel-rubi","tag-residencia-geriatrica","tag-centros-de-dia","tag-ayudas-economicas"],"_links":{"self":[{"href":"https:\/\/rubisocial.bcnapps.es\/es\/wp-json\/wp\/v2\/posts\/1887","targetHints":{"allow":["GET"]}}],"collection":[{"href":"https:\/\/rubisocial.bcnapps.es\/es\/wp-json\/wp\/v2\/posts"}],"about":[{"href":"https:\/\/rubisocial.bcnapps.es\/es\/wp-json\/wp\/v2\/types\/post"}],"author":[{"embeddable":true,"href":"https:\/\/rubisocial.bcnapps.es\/es\/wp-json\/wp\/v2\/users\/2"}],"replies":[{"embeddable":true,"href":"https:\/\/rubisocial.bcnapps.es\/es\/wp-json\/wp\/v2\/comments?post=1887"}],"version-history":[{"count":1,"href":"https:\/\/rubisocial.bcnapps.es\/es\/wp-json\/wp\/v2\/posts\/1887\/revisions"}],"predecessor-version":[{"id":1893,"href":"https:\/\/rubisocial.bcnapps.es\/es\/wp-json\/wp\/v2\/posts\/1887\/revisions\/1893"}],"wp:featuredmedia":[{"embeddable":true,"href":"https:\/\/rubisocial.bcnapps.es\/es\/wp-json\/wp\/v2\/media\/1879"}],"wp:attachment":[{"href":"https:\/\/rubisocial.bcnapps.es\/es\/wp-json\/wp\/v2\/media?parent=1887"}],"wp:term":[{"taxonomy":"category","embeddable":true,"href":"https:\/\/rubisocial.bcnapps.es\/es\/wp-json\/wp\/v2\/categories?post=1887"},{"taxonomy":"post_tag","embeddable":true,"href":"https:\/\/rubisocial.bcnapps.es\/es\/wp-json\/wp\/v2\/tags?post=1887"}],"curies":[{"name":"wp","href":"https:\/\/api.w.org\/{rel}","templated":true}]}}