{"id":1641,"date":"2021-11-18T11:31:59","date_gmt":"2021-11-18T11:31:59","guid":{"rendered":"https:\/\/rubisocial.bcnapps.es\/?p=1641"},"modified":"2021-11-18T11:36:37","modified_gmt":"2021-11-18T11:36:37","slug":"ley-de-dependencia","status":"publish","type":"post","link":"https:\/\/rubisocial.bcnapps.es\/es\/2021\/11\/18\/ley-de-dependencia\/","title":{"rendered":"Todo lo que debes saber sobre Ley de Dependencia en Espa\u00f1a"},"content":{"rendered":"<p>La actual <strong>Ley de Dependencia en Espa\u00f1a<\/strong> es la Ley 39\/2006, de 14 de diciembre, de Promoci\u00f3n de la Autonom\u00eda Personal y Atenci\u00f3n a las personas en situaci\u00f3n de dependencia de Espa\u00f1a.<\/p>\n<h2>\u00bfA qui\u00e9n se aplica la ley de dependencia?<\/h2>\n<p>Popularmente se le conoce como \u201cley de dependencia\u201d, y se trata b\u00e1sicamente de una ley creada por el actual Sistema para la Autonom\u00eda y Atenci\u00f3n a la Dependencia, es decir, <strong>los servicios y prestaciones destinados a la promoci\u00f3n de la autonom\u00eda personal<\/strong>, as\u00ed como a la protecci\u00f3n y atenci\u00f3n a las personas, a trav\u00e9s de servicios p\u00fablicos y privados concertados debidamente acreditados.<\/p>\n<p>Seg\u00fan esta ley, <strong>la autonom\u00eda personal es la \u201ccapacidad de controlar, adoptar y tomar por propia iniciativa decisiones personales, as\u00ed como desarrollar las actividades b\u00e1sicas de la vida diaria\u201d<\/strong>.<\/p>\n<p>Por otra parte, la <strong>definici\u00f3n de dependencia<\/strong> que da es: \u201cEstado de car\u00e1cter permanente en que se encuentran las personas que, por razones derivadas de la edad, la enfermedad o la discapacidad, y ligadas a la falta o a la p\u00e9rdida de autonom\u00eda f\u00edsica, mental, intelectual o sensorial, precisan de la atenci\u00f3n de otra u otras personas o ayudas importantes para realizar actividades b\u00e1sicas de la vida diaria o, en el caso de las <strong>personas con discapacidad intelectual o enfermedad mental<\/strong>, de otros apoyos para su autonom\u00eda personal.<\/p>\n<p>En suma, <strong>desde la aprobaci\u00f3n de la Ley de Dependencia en 2006, toda persona que est\u00e9 en situaci\u00f3n de dependencia puede acceder a las prestaciones contempladas, siempre que tenga reconocida la situaci\u00f3n de dependencia<\/strong> en alguno de los grados establecidos en la propia Ley.<\/p>\n<p><img decoding=\"async\" class=\"aligncenter wp-image-1634\" src=\"https:\/\/rubisocial.bcnapps.es\/wp-content\/uploads\/2021\/11\/cuidadora-i-avia-1.jpeg\" alt=\"\" width=\"600\" height=\"375\" srcset=\"https:\/\/rubisocial.bcnapps.es\/wp-content\/uploads\/2021\/11\/cuidadora-i-avia-1.jpeg 1200w, https:\/\/rubisocial.bcnapps.es\/wp-content\/uploads\/2021\/11\/cuidadora-i-avia-1-300x188.jpeg 300w, https:\/\/rubisocial.bcnapps.es\/wp-content\/uploads\/2021\/11\/cuidadora-i-avia-1-768x480.jpeg 768w, https:\/\/rubisocial.bcnapps.es\/wp-content\/uploads\/2021\/11\/cuidadora-i-avia-1-1024x640.jpeg 1024w\" sizes=\"(max-width: 600px) 100vw, 600px\" \/><\/p>\n<h3>Requisitos para poder percibir las ayudas para la dependencia<\/h3>\n<p>Para ser considerado beneficiario, es necesario que se cumplan estas premisas:<\/p>\n<ul>\n<li>Tener la nacionalidad espa\u00f1ola.<\/li>\n<li>Residir en la comunidad aut\u00f3noma en la que se solicita la ayuda.<\/li>\n<li>Residir en territorio espa\u00f1ol y haberlo hecho durante 5 a\u00f1os, de los cuales 2 deben de ser inmediatamente anteriores a la fecha de solicitud.<\/li>\n<li>Ser declarado \u201cdependiente\u201d por el \u00f3rgano evaluador de la Comunidad Aut\u00f3noma correspondiente.<\/li>\n<\/ul>\n<h3>Colectivos que incluye la ley de dependencia<\/h3>\n<p>La ley de dependencia se aplica a aquellas personas que por razones de enfermedad, edad o discapacidad son dependientes de forma permanente. Esto implica que la persona en cuesti\u00f3n no dispone de autonom\u00eda f\u00edsica, mental o sensorial, por lo que precisa de una o varias personas para realizar las actividades de la vida diaria.<\/p>\n<p>As\u00ed lo reconoce la ley, aseverando que las personas \u201cque no pueden valerse por s\u00ed mismas ser\u00e1n atendidas por las administraciones p\u00fablicas\u201d. Esta atenci\u00f3n va desde los servicios asistenciales a las prestaciones econ\u00f3micas.<\/p>\n<h2>Problem\u00e1tica en Espa\u00f1a<\/h2>\n<p>En Espa\u00f1a, el ejercicio 2020 concluy\u00f3 con un total de 1.356.473 personas dependientes, de las cuales el 17.1% no perciben ninguna prestaci\u00f3n aun teniendo derecho a ello.<\/p>\n<p>Esto se debe a que hasta que una persona no es valorada personalmente por el equipo de Valoraci\u00f3n de la Dependencia y posteriormente \u00e9ste emite la resoluci\u00f3n, pueden pasar entre tres y seis meses.<\/p>\n<p>Adem\u00e1s, una vez recibida esta resoluci\u00f3n de grado de dependencia, deber\u00e1 esperar otros tantos meses a que los servicios sociales del municipio en el que reside la citen para valorar la situaci\u00f3n, y ofrecerle aquellos servicios o prestaciones que m\u00e1s se adapten a sus necesidades y a su voluntad.<\/p>\n<p>Finalmente, una vez realizada esta gesti\u00f3n, deber\u00e1 esperar a que se emita una nueva resoluci\u00f3n, \u00e9sta vez contemplando las prestaciones y ayudas que se han aprobado, para finalmente poder cobrar la prestaci\u00f3n o acceder a los servicios solicitados.<\/p>\n<p>Por un lado, se da el caso de que muchas personas, tal y como alertan desde la Asociaci\u00f3n Estatal de Directores y Gerentes en Servicios sociales, fallecen antes de ser atendidos. Y por otro lado, el sistema garantista se ha visto ralentizado a\u00f1o a a\u00f1o por la falta de recursos, por lo que cerca de 300.000 personas en Espa\u00f1a siguen sin cobrar las ayudas a las que tienen derecho.<\/p>\n<p><img decoding=\"async\" class=\"aligncenter wp-image-1636\" src=\"https:\/\/rubisocial.bcnapps.es\/wp-content\/uploads\/2021\/11\/llibreria.jpeg\" alt=\"\" width=\"600\" height=\"375\" srcset=\"https:\/\/rubisocial.bcnapps.es\/wp-content\/uploads\/2021\/11\/llibreria.jpeg 1536w, https:\/\/rubisocial.bcnapps.es\/wp-content\/uploads\/2021\/11\/llibreria-300x188.jpeg 300w, https:\/\/rubisocial.bcnapps.es\/wp-content\/uploads\/2021\/11\/llibreria-768x480.jpeg 768w, https:\/\/rubisocial.bcnapps.es\/wp-content\/uploads\/2021\/11\/llibreria-1024x640.jpeg 1024w\" sizes=\"(max-width: 600px) 100vw, 600px\" \/><\/p>\n<h2>\u00bfCu\u00e1ndo es una persona dependiente y qu\u00e9 grados contempla la ley?<\/h2>\n<p>Por lo general<strong>, una persona se convierte en dependiente cuando necesita ayuda de otra persona para realizar actividades cotidianas<\/strong>, ya sea comer, vestirse, caminar, ba\u00f1arse, preparar comidas, asearse, etc. En este punto, es importante <strong>discernir entre dependencia y discapacidad<\/strong>. Son t\u00e9rminos y situaciones distintas, por lo que los la tr\u00e1mites de solicitud del certificado de discapacidad y la valoraci\u00f3n del grado de dependencia no tienen nada que ver.<\/p>\n<p>As\u00ed, los tres grados de dependencia que contempla la ley son:<\/p>\n<ul>\n<li><strong>Grado 1 &#8211; Moderada:<\/strong> se precisa apoyo temporal para realizar actividades de la vida diaria de la persona al menos una vez al d\u00eda.<\/li>\n<li><strong>Grado 2 &#8211; Severa:<\/strong> se necesita ayuda para realizar actividades de la vida diaria dos o tres veces al d\u00eda, pero sin requerir el apoyo permanente de un cuidador.<\/li>\n<li><strong>Grado 3 &#8211; Gran dependencia:<\/strong> la persona dependiente necesita ayuda para realizar actividades de la vida diaria varias veces al d\u00eda y adem\u00e1s tiene necesidades de apoyo continuas. Las personas con Grado 3 son atendidos con car\u00e1cter preferente.<\/li>\n<\/ul>\n<p>Este grado de dependencia puede ser revisado si se produce un cambio en la situaci\u00f3n, si aparece una nueva patolog\u00eda o a instancias de la persona afectada, sus representantes o la administraci\u00f3n.<\/p>\n<h2>Servicios y prestaciones econ\u00f3micas de las personas dependientes<\/h2>\n<p>Las personas dependientes tienen por derecho la opci\u00f3n de solicitar servicios de atenci\u00f3n y, en ocasiones especiales, prestaciones econ\u00f3micas. A su vez, pueden recibir informaci\u00f3n relacionada con su patolog\u00eda, notificaciones en caso de que los procedimientos necesiten autorizaci\u00f3n, confidencialidad y a decidir sobre su propia tutela, la de sus bienes y sobre su ingreso en un centro residencial.<\/p>\n<p>Algunos de los <strong>servicios<\/strong> de los que se puede beneficiar una persona declarada dependiente son:<\/p>\n<ul>\n<li>Ayuda a domicilio.<\/li>\n<li>Limpieza del hogar<\/li>\n<li>Centro de D\u00eda.<\/li>\n<li>Atenci\u00f3n residencial.<\/li>\n<\/ul>\n<p>En cuanto a las <strong>prestaciones econ\u00f3micas<\/strong>, encontramos:<\/p>\n<ul>\n<li>Prestaci\u00f3n econ\u00f3mica para cuidados en el entorno familiar y apoyo a cuidadores no profesionales.<\/li>\n<li>Prestaci\u00f3n econ\u00f3mica vinculada al servicio asignado, cuando sea imposible el acceso a un servicio p\u00fablico o concertado.<\/li>\n<li>Prestaci\u00f3n econ\u00f3mica para la contrataci\u00f3n de un asistente personal que ayude a realizar las actividades de la vida diaria.<\/li>\n<\/ul>\n<p>Por ejemplo, actualmente, las personas con grado II o III de dependencia pueden percibir hasta 715.07 \u20ac mensuales en concepto de prestaci\u00f3n vinculada a residencia, as\u00ed como acceder a una plaza p\u00fablica, concertada o colaboradora por la cual pagar\u00e1n una aportaci\u00f3n que se calcular\u00e1 siempre en funci\u00f3n de sus ingresos.<\/p>\n<p>Por otro lado, por cuidados familiares, hay un importe mensual m\u00e1ximo de 306 euros, cantidad que actualmente perciben 450.000 personas. As\u00ed, las personas de grado I suelen percibir una media de 138 euros, 242 euros para las personas de grado II y 335 euros para las personas de grado III.<\/p>\n<p>De esta manera, <strong>las personas tendr\u00e1n derecho a recibir diferentes tipos de ayuda y prestaciones en funci\u00f3n de su grado de dependencia<\/strong>. Adem\u00e1s, la ley establece un nivel m\u00ednimo de protecci\u00f3n que est\u00e1 definido por la Administraci\u00f3n del Estado.<\/p>\n<h2>Procedimiento, solicitud y valoraci\u00f3n<\/h2>\n<p>El primer paso del procedimiento es solicitar el reconocimiento de grado, presentando la solicitud seg\u00fan el modelo oficial y adjuntando la documentaci\u00f3n requerida por la administraci\u00f3n p\u00fablica.<\/p>\n<p>Al ser una ley transferida a las autonom\u00edas, cada Comunidad Aut\u00f3noma establece un \u00f3rgano de valoraci\u00f3n. \u00c9ste ser\u00e1 el responsable de emitir un dictamen sobre el grado de dependencia de las personas que lo tramiten.<\/p>\n<p>Una vez realizada la valoraci\u00f3n y determinado el grado de dependencia, se emitir\u00e1 una resoluci\u00f3n y se proceder\u00e1 a elaborar un <strong>Plan Individual de Atenci\u00f3n (PIA)<\/strong> para la persona interesada, que es el instrumento que concreta las necesidades y los recursos m\u00e1s adecuados seg\u00fan cada caso y situaci\u00f3n.<\/p>\n<p>La <strong>solicitud de ayudas a la dependencia<\/strong> puede hacerla la persona con alguna enfermedad, un familiar, un representante legal o incluso una administraci\u00f3n p\u00fablica. Para ello, nos podemos dirigir a los Servicios Sociales comunitarios de referencia, o bien a los centros de atenci\u00f3n primaria, concretamente a la trabajadora social del centro. La trabajadora social de las residencias y centros de d\u00eda tambi\u00e9n puede actuar como profesional de referencia, para ayudar a las personas dependientes y a sus familiares a realizar todos los tr\u00e1mites necesarios de cara a acceder a los servicios y prestaciones derivados de la Ley de Dependencia.<\/p>\n<p>Es importante recalcar que tanto el grado como los servicios asignados podr\u00e1n revisarse en cualquier momento.<\/p>\n","protected":false},"excerpt":{"rendered":"<p>La actual Ley de Dependencia en Espa\u00f1a es la Ley 39\/2006, de 14 de diciembre, de Promoci\u00f3n de la Autonom\u00eda [&hellip;]<\/p>\n","protected":false},"author":2,"featured_media":1634,"comment_status":"closed","ping_status":"closed","sticky":false,"template":"","format":"standard","meta":{"_exactmetrics_skip_tracking":false,"_exactmetrics_sitenote_active":false,"_exactmetrics_sitenote_note":"","_exactmetrics_sitenote_category":0,"footnotes":""},"categories":[10],"tags":[20,32,52,57,58],"class_list":["post-1641","post","type-post","status-publish","format-standard","has-post-thumbnail","hentry","category-actualidad","tag-el-cel-de-rubi","tag-residencia-de-ancianos","tag-personas-mayores","tag-dependencia","tag-ley-de-dependencia"],"_links":{"self":[{"href":"https:\/\/rubisocial.bcnapps.es\/es\/wp-json\/wp\/v2\/posts\/1641","targetHints":{"allow":["GET"]}}],"collection":[{"href":"https:\/\/rubisocial.bcnapps.es\/es\/wp-json\/wp\/v2\/posts"}],"about":[{"href":"https:\/\/rubisocial.bcnapps.es\/es\/wp-json\/wp\/v2\/types\/post"}],"author":[{"embeddable":true,"href":"https:\/\/rubisocial.bcnapps.es\/es\/wp-json\/wp\/v2\/users\/2"}],"replies":[{"embeddable":true,"href":"https:\/\/rubisocial.bcnapps.es\/es\/wp-json\/wp\/v2\/comments?post=1641"}],"version-history":[{"count":3,"href":"https:\/\/rubisocial.bcnapps.es\/es\/wp-json\/wp\/v2\/posts\/1641\/revisions"}],"predecessor-version":[{"id":1648,"href":"https:\/\/rubisocial.bcnapps.es\/es\/wp-json\/wp\/v2\/posts\/1641\/revisions\/1648"}],"wp:featuredmedia":[{"embeddable":true,"href":"https:\/\/rubisocial.bcnapps.es\/es\/wp-json\/wp\/v2\/media\/1634"}],"wp:attachment":[{"href":"https:\/\/rubisocial.bcnapps.es\/es\/wp-json\/wp\/v2\/media?parent=1641"}],"wp:term":[{"taxonomy":"category","embeddable":true,"href":"https:\/\/rubisocial.bcnapps.es\/es\/wp-json\/wp\/v2\/categories?post=1641"},{"taxonomy":"post_tag","embeddable":true,"href":"https:\/\/rubisocial.bcnapps.es\/es\/wp-json\/wp\/v2\/tags?post=1641"}],"curies":[{"name":"wp","href":"https:\/\/api.w.org\/{rel}","templated":true}]}}