{"id":1599,"date":"2021-09-21T07:18:22","date_gmt":"2021-09-21T07:18:22","guid":{"rendered":"https:\/\/rubisocial.bcnapps.es\/?p=1599"},"modified":"2021-12-16T17:47:34","modified_gmt":"2021-12-16T17:47:34","slug":"demencia-ancianos-sintomas-tipos-ayuda-residencias","status":"publish","type":"post","link":"https:\/\/rubisocial.bcnapps.es\/es\/2021\/09\/21\/demencia-ancianos-sintomas-tipos-ayuda-residencias\/","title":{"rendered":"Demencia en ancianos: s\u00edntomas, tipos y c\u00f3mo podemos ayudar las residencias"},"content":{"rendered":"<p>El 21 de septiembre se celebra el <strong>D\u00eda Mundial del Alzheimer<\/strong>, una jornada que a menudo sirve para reflexionar y poner en valor el largo camino que queda por recorrer en la lucha contra esta enfermedad, la importancia de la detecci\u00f3n precoz y sobre todo la importancia de cuidar la memoria .<\/p>\n<p><strong>El Alzheimer es uno de los tipos de demencia m\u00e1s comunes hoy en d\u00eda<\/strong>, pero tambi\u00e9n existen otros. Muchos de estos padecimientos comparten sintomatolog\u00eda o parecen similares, pero son diferentes.<\/p>\n<p>Para evitar confusiones y acercarnos un poco m\u00e1s a la realidad de nuestros ancianos y las enfermedades que acechan cuando se acerca la vejez, hoy queremos hablar de la demencia en general y, por supuesto, del Alzheimer en particular.<\/p>\n<p><img decoding=\"async\" class=\"aligncenter wp-image-1594 size-full\" src=\"https:\/\/rubisocial.bcnapps.es\/wp-content\/uploads\/2021\/09\/demencia.jpg\" alt=\"\" width=\"600\" height=\"400\" srcset=\"https:\/\/rubisocial.bcnapps.es\/wp-content\/uploads\/2021\/09\/demencia.jpg 600w, https:\/\/rubisocial.bcnapps.es\/wp-content\/uploads\/2021\/09\/demencia-300x200.jpg 300w\" sizes=\"(max-width: 600px) 100vw, 600px\" \/><\/p>\n<h2>\u00bfQu\u00e9 es la demencia?<\/h2>\n<p>Tomando como referencia la <a href=\"https:\/\/www.who.int\/es\">Organizaci\u00f3n Mundial de la Salud<\/a>, podemos definir la demencia como:<\/p>\n<p style=\"text-align: center;\"><em>\u201cUn s\u00edndrome &#8211; de naturaleza cr\u00f3nica o progresiva &#8211; que se caracteriza porque provoca un deterioro de la funci\u00f3n cognitiva, es decir, la capacidad para procesar nuestros pensamientos. Este deterioro va m\u00e1s all\u00e1 de lo que podr\u00eda ser considerado como una consecuencia del envejecimiento de las personas. <\/em><\/p>\n<h3>S\u00edntomas y tipos de demencia<\/h3>\n<p>Existen diferentes causas y tipos de demencia que provocan diferentes enfermedades y lesiones. En cualquier caso, la demencia suele ser uno de los principales motivos de dependencia y discapacidad entre las personas mayores.<\/p>\n<p>Aunque este tipo de padecimiento es muy conocido en todo el mundo, la realidad es que<strong> la concienciaci\u00f3n y la comprensi\u00f3n en torno a la demencia es a\u00fan escasa<\/strong>.<\/p>\n<p>Aunque existen algunos s\u00edntomas relacionados con la demencia, es importante poner de manifiesto que, a cada persona seg\u00fan su personalidad, la vive y la padece de una manera diferente en funci\u00f3n del tipo de demencia y su impacto.<\/p>\n<p>De forma gen\u00e9rica, podemos establecer los s\u00edntomas de la demencia en funci\u00f3n del estado en que \u00e9sta se encuentre:<\/p>\n<p>&nbsp;<\/p>\n<ul>\n<li><strong>Demencia temprana:<\/strong> Es la m\u00e1s \u201cinvisible\u201d porque su inicio suele ser muy paulatino. En esta fase, los principales s\u00edntomas son la tendencia al olvido, la desubicaci\u00f3n en el espacio o perder la noci\u00f3n del tiempo.<\/li>\n<li><strong>Demencia en fase intermedia:<\/strong> los s\u00edntomas se manifiestan de forma m\u00e1s clara y tambi\u00e9n m\u00e1s limitante. Por ejemplo, es habitual que las personas en esta etapa olviden hechos recientes o el nombre de las personas, se sienten desubicados en su propia casa o tengan dificultad para comunicarse y necesitan ayuda en su cuidado y aseo.<\/li>\n<\/ul>\n<p>Puede parecer obvio, nos sentamos ante un plato de comida y cogemos los cubiertos y comemos, en esta etapa, podemos no identificar los cubiertos y no saber utilizarlos. Irnos a dormir y no saber meternos en la cama.<\/p>\n<ul>\n<li><strong>Etapa tard\u00eda de la demencia: <\/strong>La dependencia y la falta de actividad son absolutas y los problemas de memoria y los s\u00edntomas f\u00edsicos tambi\u00e9n son graves. En esta etapa, las personas con demencia tienen problemas para ubicarse en el tiempo y el espacio, puede que no reconozcan a sus familiares y amigos m\u00e1s cercanos, tienen dificultad para caminar e incluso su comportamiento se puede alterar hasta el punto de resultar agresivo.<\/li>\n<\/ul>\n<figure id=\"attachment_1596\" aria-describedby=\"caption-attachment-1596\" style=\"width: 600px\" class=\"wp-caption aligncenter\"><img decoding=\"async\" class=\"wp-image-1596 size-full\" src=\"https:\/\/rubisocial.bcnapps.es\/wp-content\/uploads\/2021\/09\/cerebro-deterioro-cognitivo.jpg\" alt=\"\" width=\"600\" height=\"338\" srcset=\"https:\/\/rubisocial.bcnapps.es\/wp-content\/uploads\/2021\/09\/cerebro-deterioro-cognitivo.jpg 600w, https:\/\/rubisocial.bcnapps.es\/wp-content\/uploads\/2021\/09\/cerebro-deterioro-cognitivo-300x169.jpg 300w\" sizes=\"(max-width: 600px) 100vw, 600px\" \/><figcaption id=\"caption-attachment-1596\" class=\"wp-caption-text\">La demencia afecta al deterioro cognitivo de las personas que la padecen<\/figcaption><\/figure>\n<p>Existen muchos tipos de demencia, aunque la m\u00e1s com\u00fan y conocida es el Alzheimer. Seg\u00fan datos de la OMS, representa cerca del 60-70% de los casos de demencia. Otros tipos de demencia tambi\u00e9n habituales son:<\/p>\n<ul>\n<li>Demencia frontotemporal<\/li>\n<li>Demencia por cuerpos de Lewy<\/li>\n<li>Demencia vascular<\/li>\n<\/ul>\n<h3>\u00bfExisten tratamientos o cura para la demencia?<\/h3>\n<p>A d\u00eda de hoy<strong> no existe ninguna cura para la demencia ni tampoco para revertir su progresi\u00f3n<\/strong>. Sin embargo, se est\u00e1n llevando a cabo investigaciones y ensayos cl\u00ednicos que, esperamos, alg\u00fan d\u00eda nos ayuden a poner fin a esta enfermedad que tanto hace sufrir a quienes la padecen y a\u00fan m\u00e1s a sus familiares.<\/p>\n<p>La mayor\u00eda de intervenciones que existen para tratar la demencia se centran en mejorar la calidad de vida de las personas con demencia, su familia y cuidadores. As\u00ed, los principales objetivos son:<\/p>\n<ul>\n<li>El <strong>diagn\u00f3stico precoz<\/strong> para facilitar un tratamiento \u00f3ptimo.<\/li>\n<li><strong>Mantener y mejorar la salud f\u00edsica, la actividad, la cognici\u00f3n y el bienestar <\/strong>en general de la persona con demencia.<\/li>\n<li><strong>Tratar s\u00edntomas psicol\u00f3gicos y de conducta<\/strong> relacionados con la enfermedad.<\/li>\n<li><strong>Ofrecer apoyo e informaci\u00f3n a familia y cuidadores<\/strong>.<\/li>\n<\/ul>\n<h2>\u00bfQu\u00e9 hacemos en El Cel de Rub\u00ed para combatir la demencia?<\/h2>\n<p>El deterioro cognitivo que provoca la demencia hace a las personas m\u00e1s dependientes a medida que avanza la enfermedad. Necesitan desde atenci\u00f3n primaria y especializada hasta cuidados de larga duraci\u00f3n o rehabilitaci\u00f3n. Por ello, el rol del cuidador tiene un valor incalculable.<\/p>\n<p>Seg\u00fan datos de la Organizaci\u00f3n Mundial de la Salud, en 2019 <strong>los cuidadores pasamos una media de cinco horas al d\u00eda apoyando a las personas con demencia en su vida diaria<\/strong>.<\/p>\n<p>En este sentido, el gran pilar de El Cel Rub\u00ed lo encontramos en el equipo auxiliar. Son capaces de desarrollar el cuidado f\u00edsico y social de nuestros mayores, Adem\u00e1s, les conocen personalmente, saben cosas sobre su vida, a qu\u00e9 se dedicaban, qu\u00e9 les gusta, sus familias, sus gustos\u2026 De esta forma, se crea un v\u00ednculo y, en momentos de confusi\u00f3n, podemos hablarles de sus familias, de qui\u00e9nes son, etc, d\u00e1ndoles confianza y tranquilidad.<\/p>\n<p><img decoding=\"async\" class=\"size-full wp-image-1592 aligncenter\" src=\"https:\/\/rubisocial.bcnapps.es\/wp-content\/uploads\/2021\/09\/el-cel-rubi_2.png\" alt=\"\" width=\"600\" height=\"440\" srcset=\"https:\/\/rubisocial.bcnapps.es\/wp-content\/uploads\/2021\/09\/el-cel-rubi_2.png 600w, https:\/\/rubisocial.bcnapps.es\/wp-content\/uploads\/2021\/09\/el-cel-rubi_2-300x220.png 300w\" sizes=\"(max-width: 600px) 100vw, 600px\" \/><\/p>\n<h2>3 aspectos a tener en cuenta a la hora de escoger residencia para personas con demencia<\/h2>\n<p>Una de las decisiones m\u00e1s importantes, y dif\u00edciles, a las que se enfrentan familias con personas mayores bajo su responsabilidad es elegir la mejor residencia. Una decisi\u00f3n especialmente compleja si, adem\u00e1s, el anciano padece demencia.<\/p>\n<p>En este sentido, destacamos tres aspectos primordiales a la hora de escoger una residencia para personas con demencia:<\/p>\n<ol>\n<li><strong>Saber en qu\u00e9 estado se encuentra la demencia<\/strong> para buscar un centro preparado para ofrecer los cuidados necesarios.<\/li>\n<li>Que la residencia apueste por <strong>un modelo de atenci\u00f3n centrado en la persona<\/strong>, es decir, que conozcan a los abuelos y sus gustos. La manera de hacer terapia con personas con demencia es consiguiendo que participen en actividades. Solo lo har\u00e1n si se sienten a gusto y les reconfortan.<\/li>\n<li>El <strong>plan de actividades de la residencia debe ser din\u00e1mico y adaptarse constantemente a las necesidades de los mayores para crear u<\/strong>na rutina. Esto es muy importante para las personas con demencia porque les ayuda a mantenerse ocupados y combatir la confusi\u00f3n y la p\u00e9rdida que padecen.<\/li>\n<\/ol>\n<h2>\u00bfC\u00f3mo prevenir la demencia?<\/h2>\n<p>La demencia no tiene cura, pero detectarla lo m\u00e1s pronto posible s\u00ed que est\u00e1 en nuestras manos. En este sentido, las principales recomendaciones de los expertos para prevenir la demencia son:<\/p>\n<ul>\n<li>Hacer ejercicio con regularidad.<\/li>\n<li>No fumar y evitar un uso nocivo de las bebidas alcoh\u00f3licas<\/li>\n<li>Controlar el peso y llevar una alimentaci\u00f3n saludable<\/li>\n<li>Mantener la actividad social y cognitiva<\/li>\n<li>Cuidar de la memoria y acudir a un especialista en el momento en que detectemos olvidos inusuales o muy repetidos.<\/li>\n<\/ul>\n<p>Aunque la demencia afecta principalmente a nuestros abuelos, no es una enfermedad provocada por la edad. De hecho, el 9% de los casos de demencia son de inicio temprano, es decir, los s\u00edntomas aparecen antes de los 65 a\u00f1os.<\/p>\n","protected":false},"excerpt":{"rendered":"<p>El 21 de septiembre se celebra el D\u00eda Mundial del Alzheimer, una jornada que a menudo sirve para reflexionar y [&hellip;]<\/p>\n","protected":false},"author":2,"featured_media":1594,"comment_status":"closed","ping_status":"closed","sticky":false,"template":"","format":"standard","meta":{"_exactmetrics_skip_tracking":false,"_exactmetrics_sitenote_active":false,"_exactmetrics_sitenote_note":"","_exactmetrics_sitenote_category":0,"footnotes":""},"categories":[13],"tags":[44,45,46],"class_list":["post-1599","post","type-post","status-publish","format-standard","has-post-thumbnail","hentry","category-informacion-y-novedades-de-centro","tag-demencia","tag-el-cel-rubi","tag-alzheimer"],"_links":{"self":[{"href":"https:\/\/rubisocial.bcnapps.es\/es\/wp-json\/wp\/v2\/posts\/1599","targetHints":{"allow":["GET"]}}],"collection":[{"href":"https:\/\/rubisocial.bcnapps.es\/es\/wp-json\/wp\/v2\/posts"}],"about":[{"href":"https:\/\/rubisocial.bcnapps.es\/es\/wp-json\/wp\/v2\/types\/post"}],"author":[{"embeddable":true,"href":"https:\/\/rubisocial.bcnapps.es\/es\/wp-json\/wp\/v2\/users\/2"}],"replies":[{"embeddable":true,"href":"https:\/\/rubisocial.bcnapps.es\/es\/wp-json\/wp\/v2\/comments?post=1599"}],"version-history":[{"count":1,"href":"https:\/\/rubisocial.bcnapps.es\/es\/wp-json\/wp\/v2\/posts\/1599\/revisions"}],"predecessor-version":[{"id":1600,"href":"https:\/\/rubisocial.bcnapps.es\/es\/wp-json\/wp\/v2\/posts\/1599\/revisions\/1600"}],"wp:featuredmedia":[{"embeddable":true,"href":"https:\/\/rubisocial.bcnapps.es\/es\/wp-json\/wp\/v2\/media\/1594"}],"wp:attachment":[{"href":"https:\/\/rubisocial.bcnapps.es\/es\/wp-json\/wp\/v2\/media?parent=1599"}],"wp:term":[{"taxonomy":"category","embeddable":true,"href":"https:\/\/rubisocial.bcnapps.es\/es\/wp-json\/wp\/v2\/categories?post=1599"},{"taxonomy":"post_tag","embeddable":true,"href":"https:\/\/rubisocial.bcnapps.es\/es\/wp-json\/wp\/v2\/tags?post=1599"}],"curies":[{"name":"wp","href":"https:\/\/api.w.org\/{rel}","templated":true}]}}