{"id":1567,"date":"2021-07-15T06:00:35","date_gmt":"2021-07-15T06:00:35","guid":{"rendered":"https:\/\/rubisocial.bcnapps.es\/?p=1567"},"modified":"2021-07-14T14:50:42","modified_gmt":"2021-07-14T14:50:42","slug":"las-residencias-son-una-buena-opcion-para-evitar-el-aislamiento-de-personas-mayores","status":"publish","type":"post","link":"https:\/\/rubisocial.bcnapps.es\/es\/2021\/07\/15\/las-residencias-son-una-buena-opcion-para-evitar-el-aislamiento-de-personas-mayores\/","title":{"rendered":"Las residencias no somos un parking de sillas de ruedas"},"content":{"rendered":"<p>Si algo nos ha ense\u00f1ado esta pandemia, es el da\u00f1o que puede causar el aislamiento social.<\/p>\n<p>Hoy en d\u00eda hay mucha gente que vive sola. Sin embargo, salen a trabajar, quedan con sus amigos, hacen viajes\u2026 Pero, \u00bfqu\u00e9 ha pasado cuando estas personas se han encontrado todo el d\u00eda aisladas en casa sin poder socializar? Se han dado cuenta de que vivir solas cobra otra dimensi\u00f3n.<\/p>\n<p>Pues en Espa\u00f1a, un pa\u00eds notablemente envejecido, hay much\u00edsimas personas mayores para las que ese es su d\u00eda a d\u00eda. Nadie con quien hablar, ning\u00fan sitio a donde ir, exceptuando algunas visitas puntuales de familiares o, con suerte, una persona que las ayuda.<\/p>\n<p>Datos en Catalunya:<\/p>\n<table width=\"567\">\n<tbody>\n<tr>\n<td><strong><u>Actualmente<\/u><\/strong><strong>\u00a0<\/strong><\/td>\n<\/tr>\n<tr>\n<td>17% de la poblaci\u00f3n &gt; 65 a\u00f1os<\/td>\n<\/tr>\n<tr>\n<td><strong><u>2050<\/u><\/strong><\/td>\n<\/tr>\n<tr>\n<td>30% de la poblaci\u00f3n &gt; 65 a\u00f1os<\/p>\n<p>4 millones de personas &gt; 80 a\u00f1os<\/td>\n<\/tr>\n<\/tbody>\n<\/table>\n<p>&nbsp;<\/p>\n<table width=\"567\">\n<tbody>\n<tr>\n<td><strong><u>Actualmente en Rub\u00ed<\/u><\/strong><\/td>\n<\/tr>\n<tr>\n<td>10,9% de la poblaci\u00f3n de Rub\u00ed &gt; 70 a\u00f1os<\/td>\n<\/tr>\n<tr>\n<td>El 20% vive sola<\/p>\n<p>El 60% vive acompa\u00f1ada &gt; 65 a\u00f1os<\/td>\n<\/tr>\n<\/tbody>\n<\/table>\n<p>&nbsp;<\/p>\n<p>El contacto social es fundamental para la salud.<\/p>\n<p>Necesitamos relacionarnos con otros individuos, establecer v\u00ednculos y sentirnos acompa\u00f1ados. Y m\u00e1s a\u00fan las personas mayores, que en muchos casos precisan ayuda para actividades diarias como la alimentaci\u00f3n o el aseo.<\/p>\n<p>&nbsp;<\/p>\n<p><strong>\u00bfCu\u00e1les son los riesgos del aislamiento social?<\/strong><\/p>\n<p><strong>\u00a0<\/strong><\/p>\n<p>Las personas que carecen de relaciones sociales tienen tendencia a sufrir un mayor deterioro tanto cognitivo como en su salud.<\/p>\n<p>La soledad se asocia a tasas superiores de depresi\u00f3n, ansiedad e incluso muertes prematuras. Otra consecuencia podr\u00eda ser una mala nutrici\u00f3n, ya que, al carecer de compa\u00f1\u00eda, no se presta tanta atenci\u00f3n a la alimentaci\u00f3n y no hay alicientes para cocinar.<\/p>\n<p>Asimismo, aumenta el riesgo de sufrir demencia, enfermedades card\u00edacas o accidentes cerebrovasculares.<\/p>\n<p>Por otro lado, si tenemos en cuenta que la condici\u00f3n f\u00edsica se ve limitada por el paso de los a\u00f1os, existe el problema de las ca\u00eddas. Si le ocurre a una persona mayor que vive sola, las consecuencias pueden ser nefastas.<\/p>\n<p><img decoding=\"async\" class=\"aligncenter wp-image-1574 size-full\" src=\"https:\/\/rubisocial.bcnapps.es\/wp-content\/uploads\/2021\/07\/istockphoto-1221787895-612x612.jpg\" alt=\"\" width=\"612\" height=\"408\" srcset=\"https:\/\/rubisocial.bcnapps.es\/wp-content\/uploads\/2021\/07\/istockphoto-1221787895-612x612.jpg 612w, https:\/\/rubisocial.bcnapps.es\/wp-content\/uploads\/2021\/07\/istockphoto-1221787895-612x612-300x200.jpg 300w\" sizes=\"(max-width: 612px) 100vw, 612px\" \/><\/p>\n<p>&nbsp;<\/p>\n<p><strong>El estigma de las residencias de ancianos<\/strong><\/p>\n<p><strong>\u00a0<\/strong><\/p>\n<p>Todav\u00eda existe hoy en d\u00eda un cierto estigma social sobre las residencias para la tercera edad, que hace que se las vea como un sitio donde la familia \u201caparca\u201d a los abuelos porque les resultan una carga.<\/p>\n<p>Esta visi\u00f3n, aunque afortunadamente ha ido cambiando en los \u00faltimos a\u00f1os, provoca sentimientos negativos tanto en la persona que es ingresada, como en la familia. Unos porque pueden sentir que los abandonan, y otros, culpabilidad por no ser ellos los que se encarguen de su pariente.<\/p>\n<p>Pero lo cierto es que esta decisi\u00f3n es la m\u00e1s acertada.<\/p>\n<p>&nbsp;<\/p>\n<p><strong>Las ventajas de vivir en una residencia<\/strong><\/p>\n<p><strong>\u00a0<\/strong><\/p>\n<p>Cuando una persona se hace mayor, puede empezar a necesitar ayuda para tareas que con anterioridad realizaba sola sin ning\u00fan problema, como ir a la compra, cocinar, ba\u00f1arse, etc. Y puede que sus familiares no est\u00e9n disponibles todo el tiempo para atenderla.<\/p>\n<p>Una residencia, no solo cubre las necesidades b\u00e1sicas de esa persona, sino que adem\u00e1s est\u00e1 rodeada por todo un conjunto de profesionales que har\u00e1n su vida mucho m\u00e1s c\u00f3moda, segura y amena.<\/p>\n<p><img decoding=\"async\" class=\"aligncenter wp-image-1570 size-full\" src=\"https:\/\/rubisocial.bcnapps.es\/wp-content\/uploads\/2021\/07\/istockphoto-1125363243-612x612.jpg\" alt=\"\" width=\"612\" height=\"408\" srcset=\"https:\/\/rubisocial.bcnapps.es\/wp-content\/uploads\/2021\/07\/istockphoto-1125363243-612x612.jpg 612w, https:\/\/rubisocial.bcnapps.es\/wp-content\/uploads\/2021\/07\/istockphoto-1125363243-612x612-300x200.jpg 300w\" sizes=\"(max-width: 612px) 100vw, 612px\" \/><\/p>\n<p>&nbsp;<\/p>\n<ul>\n<li>Atenci\u00f3n m\u00e9dica continuada: la seguridad y la tranquilidad de saber que su salud est\u00e1 controlada en todo momento. El personal facultativo atiende las patolog\u00edas y establece pautas para sus cuidados, as\u00ed como el control de su medicaci\u00f3n.<\/li>\n<\/ul>\n<p>&nbsp;<\/p>\n<ul>\n<li>Espacios adaptados: en caso de dificultades en la movilidad, se dispone de sitio suficiente para circular con la silla de ruedas. Rampas y ascensores permiten desplazarse y otorgan m\u00e1s libertad al usuario. Sin barreras arquitect\u00f3nicas se gana en autonom\u00eda, lo que repercute de forma positiva en el estado de \u00e1nimo.<\/li>\n<\/ul>\n<p>&nbsp;<\/p>\n<ul>\n<li>Men\u00fas adecuados a las necesidades de cada persona: desayunos comidas y cenas, preparados teniendo en cuenta valores nutricionales y posibles alergias alimenticias. Tambi\u00e9n se establecen unos horarios fijos, creando rutinas que benefician a los usuarios.<\/li>\n<\/ul>\n<p>&nbsp;<\/p>\n<ul>\n<li>Personal cualificado: cualquiera sin la preparaci\u00f3n necesaria tiene riesgo de sufrir una lesi\u00f3n intentando mover o cargar a una persona mayor. En una residencia, estas tareas las realizan trabajadores con la formaci\u00f3n necesaria.<\/li>\n<\/ul>\n<p>&nbsp;<\/p>\n<ul>\n<li>Envejecimiento activo y saludable: actividades para mantener las capacidades f\u00edsicas y mentales, mejorando la autonom\u00eda.<\/li>\n<\/ul>\n<p>&nbsp;<\/p>\n<ul>\n<li>Programa de actividades l\u00fadicas: bingo, cine, fiestas populares\u2026 Estar en una residencia no excluye la diversi\u00f3n.<\/li>\n<\/ul>\n<p>&nbsp;<\/p>\n<ul>\n<li>Higiene personal: se procura que la persona est\u00e9 aseada y lleve ropa limpia.<\/li>\n<\/ul>\n<p>&nbsp;<\/p>\n<ul>\n<li>Socializaci\u00f3n y compa\u00f1\u00eda: como hemos visto, las relaciones sociales son un punto importante en el hecho de vivir en una residencia. Poder estar rodeados de amigos y gente con la que hablar y convivir es una ventaja significativa respecto a vivir solo en un domicilio particular. Esto no significa que no se pueda tener un espacio de privacidad, puesto que se respeta la intimidad de los residentes.<\/li>\n<\/ul>\n<p>&nbsp;<\/p>\n<ul>\n<li>Visitas de familiares y amigos: en estos momentos, debido a la pandemia, existen restricciones en este aspecto. Pero en circunstancias normales los usuarios pueden recibir visitas como si estuvieran en su domicilio, o salir cuando lo deseen.<\/li>\n<\/ul>\n<p>&nbsp;<\/p>\n<p>Hay que tener tambi\u00e9n en cuenta que el ingreso en una residencia puede ser temporal. Se trata de una opci\u00f3n que est\u00e1 a disposici\u00f3n de las familias siempre que lo necesiten, durante el tiempo que quieran.<\/p>\n<p><img decoding=\"async\" class=\"aligncenter wp-image-1568 size-full\" src=\"https:\/\/rubisocial.bcnapps.es\/wp-content\/uploads\/2021\/07\/istockphoto-1047536852-612x612.jpg\" alt=\"\" width=\"612\" height=\"408\" srcset=\"https:\/\/rubisocial.bcnapps.es\/wp-content\/uploads\/2021\/07\/istockphoto-1047536852-612x612.jpg 612w, https:\/\/rubisocial.bcnapps.es\/wp-content\/uploads\/2021\/07\/istockphoto-1047536852-612x612-300x200.jpg 300w\" sizes=\"(max-width: 612px) 100vw, 612px\" \/><\/p>\n<p>&nbsp;<\/p>\n<p><strong>Busca un centro de confianza<\/strong><\/p>\n<p>Ante una decisi\u00f3n tan importante como esta, lo mejor es buscar una residencia que goce de nuestra confianza y nos aporte seguridad y tranquilidad.<\/p>\n<p>En el Cel de Rub\u00ed, seguimos el modelo de atenci\u00f3n centrada en la persona.<\/p>\n<p>Nuestro objetivo es que los residentes se sientan como en su propio hogar, creando un ambiente cercano y familiar, a la vez que se cubren todas sus necesidades, ofreciendo cuidados a todos los niveles: f\u00edsico, funcional, cognitivo, emocional y de ocio.<\/p>\n<p>Fomentamos un envejecimiento activo y apostamos por la innovaci\u00f3n, aprovechando las \u00faltimas tecnolog\u00edas para mejorar d\u00eda a d\u00eda nuestra atenci\u00f3n y servicios.<\/p>\n<p>Fundada en 1991 en Rub\u00ed, en la actualidad la direcci\u00f3n est\u00e1 a cargo de las hijas de una de sus fundadoras, garantizando ese trato familiar.<\/p>\n<p>Adem\u00e1s de contar con una gran reputaci\u00f3n entre los habitantes de la ciudad, la ubicaci\u00f3n es excelente, al tener f\u00e1cil acceso en transporte p\u00fablico y privado, y disponer de un espacio natural adyacente como es el parque de Ca n\u2019Oriol.<\/p>\n","protected":false},"excerpt":{"rendered":"<p>Si algo nos ha ense\u00f1ado esta pandemia, es el da\u00f1o que puede causar el aislamiento social. Hoy en d\u00eda hay [&hellip;]<\/p>\n","protected":false},"author":2,"featured_media":1572,"comment_status":"closed","ping_status":"closed","sticky":false,"template":"","format":"standard","meta":{"_exactmetrics_skip_tracking":false,"_exactmetrics_sitenote_active":false,"_exactmetrics_sitenote_note":"","_exactmetrics_sitenote_category":0,"footnotes":""},"categories":[10],"tags":[17,18,32,33,34,35,36,37,38],"class_list":["post-1567","post","type-post","status-publish","format-standard","has-post-thumbnail","hentry","category-actualidad","tag-centro-residencial","tag-residencia-de-personas-mayores","tag-residencia-de-ancianos","tag-vejez","tag-aislamiento-social","tag-soledad-en-la-vejez","tag-envejecimiento-activo","tag-aislamiento-ancianos","tag-vivir-en-una-residencia"],"_links":{"self":[{"href":"https:\/\/rubisocial.bcnapps.es\/es\/wp-json\/wp\/v2\/posts\/1567","targetHints":{"allow":["GET"]}}],"collection":[{"href":"https:\/\/rubisocial.bcnapps.es\/es\/wp-json\/wp\/v2\/posts"}],"about":[{"href":"https:\/\/rubisocial.bcnapps.es\/es\/wp-json\/wp\/v2\/types\/post"}],"author":[{"embeddable":true,"href":"https:\/\/rubisocial.bcnapps.es\/es\/wp-json\/wp\/v2\/users\/2"}],"replies":[{"embeddable":true,"href":"https:\/\/rubisocial.bcnapps.es\/es\/wp-json\/wp\/v2\/comments?post=1567"}],"version-history":[{"count":1,"href":"https:\/\/rubisocial.bcnapps.es\/es\/wp-json\/wp\/v2\/posts\/1567\/revisions"}],"predecessor-version":[{"id":1576,"href":"https:\/\/rubisocial.bcnapps.es\/es\/wp-json\/wp\/v2\/posts\/1567\/revisions\/1576"}],"wp:featuredmedia":[{"embeddable":true,"href":"https:\/\/rubisocial.bcnapps.es\/es\/wp-json\/wp\/v2\/media\/1572"}],"wp:attachment":[{"href":"https:\/\/rubisocial.bcnapps.es\/es\/wp-json\/wp\/v2\/media?parent=1567"}],"wp:term":[{"taxonomy":"category","embeddable":true,"href":"https:\/\/rubisocial.bcnapps.es\/es\/wp-json\/wp\/v2\/categories?post=1567"},{"taxonomy":"post_tag","embeddable":true,"href":"https:\/\/rubisocial.bcnapps.es\/es\/wp-json\/wp\/v2\/tags?post=1567"}],"curies":[{"name":"wp","href":"https:\/\/api.w.org\/{rel}","templated":true}]}}