{"id":1543,"date":"2021-06-15T06:00:21","date_gmt":"2021-06-15T06:00:21","guid":{"rendered":"https:\/\/rubisocial.bcnapps.es\/?p=1543"},"modified":"2021-06-14T12:08:38","modified_gmt":"2021-06-14T12:08:38","slug":"dia-mundial-de-toma-de-conciencia-del-abuso-y-maltrato-en-la-vejez","status":"publish","type":"post","link":"https:\/\/rubisocial.bcnapps.es\/es\/2021\/06\/15\/dia-mundial-de-toma-de-conciencia-del-abuso-y-maltrato-en-la-vejez\/","title":{"rendered":"DIA MUNDIAL DE TOMA DE CONCIENCIA DEL ABUSO Y MALTRATO EN LA VEJEZ"},"content":{"rendered":"<p><b>Un problema de violaci\u00f3n de derechos humanos invisible<\/b><\/p>\n<p>&nbsp;<\/p>\n<p><span style=\"font-weight: 400;\">En nuestra sociedad cada vez tiene m\u00e1s fuerza el movimiento en contra de la violencia machista o el maltrato infantil. Pero, \u00bfqu\u00e9 pasa con el abuso y maltrato a las personas mayores?<\/span><\/p>\n<p><span style=\"font-weight: 400;\">Es un problema social que, pese a que est\u00e1 logrando m\u00e1s visibilidad, sigue siendo un tema tab\u00fa que no recibe la atenci\u00f3n necesaria por parte de los planes de acci\u00f3n gubernamentales. De hecho, es el tipo de violencia que menos se trata en los estudios.\u00a0<\/span><\/p>\n<p><b>Un tipo de violencia que pasa casi inadvertido, ya que solo se notifican 1 de cada 24 casos.\u00a0<\/b><\/p>\n<p><span style=\"font-weight: 400;\">Y este problema de salud p\u00fablica y social se ver\u00e1 incrementado notablemente en un futuro pr\u00f3ximo, debido al aumento de poblaci\u00f3n mayor de 60 a\u00f1os. Se prev\u00e9 que pase de los 900 millones de personas de 2015 a los 2000 millones en el a\u00f1o 2050.\u00a0<\/span><\/p>\n<p><span style=\"font-weight: 400;\">Por ello, el d\u00eda <\/span><b>15 de junio<\/b><span style=\"font-weight: 400;\"> (fecha oficial de la ONU) se celebra el <\/span><b>D\u00cdA MUNDIAL DE TOMA DE CONCIENCIA DEL ABUSO Y MALTRATO EN LA VEJEZ<\/b><span style=\"font-weight: 400;\">, con el objetivo de denunciar y concienciar sobre el maltrato y sufrimiento que padecen miles de personas mayores en el mundo.\u00a0<\/span><\/p>\n<p><iframe width=\"840\" height=\"473\" src=\"https:\/\/www.youtube.com\/embed\/1GLMD-6p9jI?start=3&#038;feature=oembed\" frameborder=\"0\" allow=\"accelerometer; autoplay; clipboard-write; encrypted-media; gyroscope; picture-in-picture\" allowfullscreen><\/iframe><\/p>\n<p>&nbsp;<\/p>\n<p><b>\u00bfQu\u00e9 es el maltrato a los ancianos?<\/b><b>\u00a0<\/b><\/p>\n<p><span style=\"font-weight: 400;\">La OMS (Organizaci\u00f3n Mundial de la Salud) lo define como \u201cun acto \u00fanico o repetido que causa da\u00f1o o sufrimiento a una persona de edad, o la falta de medidas apropiadas para evitarlo, que se produce en una relaci\u00f3n basada en la confianza\u201d.\u00a0<\/span><\/p>\n<p><span style=\"font-weight: 400;\">Uno de los mayores h\u00e1ndicaps radica precisamente en el hecho de que el abuso suele darse en el \u00e1mbito familiar, de modo que las personas que lo padecen no se atreven a denunciarlo, por miedo a represalias, a ser abandonadas o a perder relaciones afectivas (hijos, nietos, etc.)<\/span><\/p>\n<p><span style=\"font-weight: 400;\">Aunque en general el maltrato es intencionado, ya sea f\u00edsico o psicol\u00f3gico, en muchos casos suele tratarse de un abandono. Es decir, no cubriendo las necesidades de la persona mayor, como su nutrici\u00f3n, su higiene, su medicaci\u00f3n\u2026<\/span><\/p>\n<p>&nbsp;<\/p>\n<p><b>Tipos de abusos<\/b><\/p>\n<p><span style=\"font-weight: 400;\">Como hemos visto, este tipo de violencia en mayores puede darse de diversas formas:<\/span><\/p>\n<ul>\n<li style=\"font-weight: 400;\" aria-level=\"1\"><span style=\"font-weight: 400;\">Maltrato f\u00edsico: uso de la fuerza f\u00edsica que causa lesiones intencionadamente. Puede incluir golpes, pellizcos, zarandeos, uso inapropiado de f\u00e1rmacos\u2026<\/span><\/li>\n<li style=\"font-weight: 400;\" aria-level=\"1\"><span style=\"font-weight: 400;\">Maltrato psicol\u00f3gico: causa un da\u00f1o emocional. Implica el uso de amenazas, insultos, menosprecio, humillaciones, impedir la toma de decisiones, etc.\u00a0<\/span><\/li>\n<li style=\"font-weight: 400;\" aria-level=\"1\"><span style=\"font-weight: 400;\">Abuso sexual: cuando hay contacto sexual con una persona anciana sin tener su consentimiento, tocamientos, desnudez forzada, etc.<\/span><\/li>\n<li style=\"font-weight: 400;\" aria-level=\"1\"><span style=\"font-weight: 400;\">Maltrato econ\u00f3mico: apropiaci\u00f3n sin autorizaci\u00f3n de dinero, objetos y propiedades pertenecientes a la persona mayor. Tambi\u00e9n la manipulaci\u00f3n de documentos o cuentas bancarias.\u00a0<\/span><\/li>\n<li style=\"font-weight: 400;\" aria-level=\"1\"><span style=\"font-weight: 400;\">Abandono o negligencia: cuando el cuidador se desentiende de las necesidades de la persona mayor (alimento, higiene, medicaci\u00f3n) y esto amenaza a su salud o a su seguridad. Tambi\u00e9n cuando es abandonado en residencias, hospitales o lugares p\u00fablicos (plazas, centros comerciales&#8230;)<\/span><\/li>\n<\/ul>\n<p><span style=\"font-weight: 400;\">Todas estas situaciones raramente son denunciadas.\u00a0<\/span><\/p>\n<p><span style=\"font-weight: 400;\">Muchas veces las propias v\u00edctimas sienten verg\u00fcenza o simplemente no pueden hacerlo, debido al deterioro de sus capacidades cognitivas o de comunicaci\u00f3n.\u00a0<\/span><\/p>\n<p><span style=\"font-weight: 400;\">Es por esto que hay que tener este problema presente, para poder detectarlo y prevenirlo.\u00a0<\/span><\/p>\n<p><img decoding=\"async\" class=\"aligncenter wp-image-1546 size-full\" src=\"https:\/\/rubisocial.bcnapps.es\/wp-content\/uploads\/2021\/06\/hands-4051469_960_720.jpg\" alt=\"\" width=\"960\" height=\"640\" srcset=\"https:\/\/rubisocial.bcnapps.es\/wp-content\/uploads\/2021\/06\/hands-4051469_960_720.jpg 960w, https:\/\/rubisocial.bcnapps.es\/wp-content\/uploads\/2021\/06\/hands-4051469_960_720-300x200.jpg 300w, https:\/\/rubisocial.bcnapps.es\/wp-content\/uploads\/2021\/06\/hands-4051469_960_720-768x512.jpg 768w\" sizes=\"(max-width: 960px) 100vw, 960px\" \/><\/p>\n<p><b>C\u00f3mo evitarlo<\/b><\/p>\n<p><span style=\"font-weight: 400;\">Son muchos los factores que influyen para detectar los malos tratos, as\u00ed que debemos estar muy alerta ante los indicios que nos indiquen una posible situaci\u00f3n de abuso.\u00a0<\/span><\/p>\n<p><span style=\"font-weight: 400;\">Al ser una problem\u00e1tica compleja y muchas veces oculta, es esencial una sensibilizaci\u00f3n de la sociedad para poder prevenirla.\u00a0<\/span><\/p>\n<p><span style=\"font-weight: 400;\">Entender y afrontar los factores o situaciones de riesgo es fundamental para desarrollar iniciativas p\u00fablicas o privadas. Hay que detectarlos y actuar antes de que aparezca el maltrato.\u00a0<\/span><\/p>\n<p><span style=\"font-weight: 400;\">Por otro lado, los factores de protecci\u00f3n son aquellas caracter\u00edsticas de la propia persona mayor, su familia o su entorno, que podr\u00edan actuar para prevenir estas situaciones.\u00a0<\/span><\/p>\n<p><span style=\"font-weight: 400;\">Este 2021 hemos participado en la elaboraci\u00f3n de la <\/span><a href=\"https:\/\/www.diba.cat\/documents\/35539993\/57515034\/Guia+local+per+fer+front+als+maltractaments+de+les+persones+grans.pdf\/930f6073-2ace-41fc-aa34-ffc01d827f63\"><b>Gu\u00eda Local para hacer frente a los maltratos a personas mayores,<\/b><\/a><span style=\"font-weight: 400;\">\u00a0llevada a cabo por los servicios sociales del Ayuntamiento de Rub\u00ed, en colaboraci\u00f3n con la Diputaci\u00f3 de Barcelona<\/span><b>. <\/b><span style=\"font-weight: 400;\">Se trata de una herramienta para que profesionales y agentes sociales adquieran un profundo conocimiento de este tipo de violencia y les proporcione unos criterios y circuitos para prevenirla, detectarla y poder actuar.\u00a0<\/span><\/p>\n<p><img decoding=\"async\" class=\"aligncenter wp-image-1548 size-full\" src=\"https:\/\/rubisocial.bcnapps.es\/wp-content\/uploads\/2021\/06\/ancianosnochepreciocab.jpg\" alt=\"\" width=\"1000\" height=\"666\" srcset=\"https:\/\/rubisocial.bcnapps.es\/wp-content\/uploads\/2021\/06\/ancianosnochepreciocab.jpg 1000w, https:\/\/rubisocial.bcnapps.es\/wp-content\/uploads\/2021\/06\/ancianosnochepreciocab-300x200.jpg 300w, https:\/\/rubisocial.bcnapps.es\/wp-content\/uploads\/2021\/06\/ancianosnochepreciocab-768x511.jpg 768w\" sizes=\"(max-width: 1000px) 100vw, 1000px\" \/><\/p>\n<p><b>C\u00f3mo actuar ante un caso de abuso o maltrato a una persona mayor<\/b><span style=\"font-weight: 400;\">\u00a0<\/span><\/p>\n<p><span style=\"font-weight: 400;\">El silencio de cuidadores, familia o instituciones nunca deber\u00eda ser una opci\u00f3n.\u00a0<\/span><\/p>\n<p><span style=\"font-weight: 400;\">Cualquiera que detectara o tuviera sospechas de que existe un posible caso de maltrato, ha de ponerse en contacto con las autoridades pertinentes para darlo a conocer y buscar una soluci\u00f3n.\u00a0<\/span><\/p>\n<p><span style=\"font-weight: 400;\">Si no es posible acudir a la polic\u00eda, existen otras alternativas:\u00a0<\/span><\/p>\n<ul>\n<li style=\"font-weight: 400;\" aria-level=\"1\"><span style=\"font-weight: 400;\">El <\/span><b>Imserso<\/b><span style=\"font-weight: 400;\"> puede ofrecer consejo o apoyo, as\u00ed como facilitar medidas o posibles soluciones.\u00a0<\/span><\/li>\n<li style=\"font-weight: 400;\" aria-level=\"1\"><span style=\"font-weight: 400;\">Comunicaci\u00f3n al <\/span><b>Juzgado de guardia<\/b><span style=\"font-weight: 400;\">. Se prestar\u00e1 especial atenci\u00f3n al caso y se actuar\u00e1 con mayor rapidez.\u00a0<\/span><\/li>\n<li style=\"font-weight: 400;\" aria-level=\"1\"><b>Solicitud urgente de residencia<\/b><span style=\"font-weight: 400;\">, si la persona no est\u00e1 viviendo en las condiciones oportunas.\u00a0<\/span><\/li>\n<li style=\"font-weight: 400;\" aria-level=\"1\"><span style=\"font-weight: 400;\">La <\/span><b>Asociaci\u00f3n para la investigaci\u00f3n del maltrato al anciano<\/b><span style=\"font-weight: 400;\"> (<a href=\"https:\/\/eimaassociacio.com\/\">EIMA<\/a>): realizan acciones de sensibilizaci\u00f3n, forman a profesionales, realizan investigaciones y publican documentos relacionados con los malos tratos.\u00a0<\/span><\/li>\n<li style=\"font-weight: 400;\" aria-level=\"1\"><span style=\"font-weight: 400;\">La <\/span><b>Asociaci\u00f3n de lucha contra el maltrato a mayores<\/b><span style=\"font-weight: 400;\"> (<a href=\"http:\/\/www.almama.org\/quienesomos.htm\">ALMAMA<\/a>): es una organizaci\u00f3n sin \u00e1nimo de lucro que tiene como objetivo ayudar a personas mayores que viven una situaci\u00f3n de abuso y maltrato.\u00a0<\/span><\/li>\n<li style=\"font-weight: 400;\" aria-level=\"1\"><b>Solicitud de valoraci\u00f3n del estado de salud en un centro de salud<\/b><span style=\"font-weight: 400;\">: cuando hay cambios f\u00edsicos notorios o evidencia de da\u00f1os f\u00edsicos, el m\u00e9dico realiza un chequeo para confirmar las sospechas.\u00a0<\/span><\/li>\n<\/ul>\n<p>&nbsp;<\/p>\n<p><b>Una responsabilidad como sociedad<\/b><\/p>\n<p><span style=\"font-weight: 400;\">No debemos caer en el paternalismo o la infantilizaci\u00f3n.\u00a0<\/span><\/p>\n<p><span style=\"font-weight: 400;\">Las personas mayores son parte de nuestra sociedad, y como tal, deben poder formar parte de ella de una manera activa. Hay que fomentar su participaci\u00f3n y promover un envejecimiento activo.\u00a0<\/span><\/p>\n<p><span style=\"font-weight: 400;\">Del mismo modo que penalizamos el sexismo o el racismo como formas de discriminaci\u00f3n, tambi\u00e9n hay que reprobar el edadismo, que discrimina a las personas por raz\u00f3n de su edad.\u00a0<\/span><\/p>\n<p><span style=\"font-weight: 400;\">Es necesario inculcar una actitud positiva hacia las personas mayores y proteger sus derechos. Y considerar esta etapa de la vida igualmente activa, un momento para disfrutar y compartir con otras generaciones. <\/span><\/p>\n","protected":false},"excerpt":{"rendered":"<p>Un problema de violaci\u00f3n de derechos humanos invisible &nbsp; En nuestra sociedad cada vez tiene m\u00e1s fuerza el movimiento en [&hellip;]<\/p>\n","protected":false},"author":2,"featured_media":1544,"comment_status":"closed","ping_status":"closed","sticky":false,"template":"","format":"standard","meta":{"_exactmetrics_skip_tracking":false,"_exactmetrics_sitenote_active":false,"_exactmetrics_sitenote_note":"","_exactmetrics_sitenote_category":0,"footnotes":""},"categories":[10],"tags":[20,25,27,28],"class_list":["post-1543","post","type-post","status-publish","format-standard","has-post-thumbnail","hentry","category-actualidad","tag-el-cel-de-rubi","tag-centre-residencial","tag-maltrato-en-la-vejez","tag-abusos-a-personas-mayores"],"_links":{"self":[{"href":"https:\/\/rubisocial.bcnapps.es\/es\/wp-json\/wp\/v2\/posts\/1543","targetHints":{"allow":["GET"]}}],"collection":[{"href":"https:\/\/rubisocial.bcnapps.es\/es\/wp-json\/wp\/v2\/posts"}],"about":[{"href":"https:\/\/rubisocial.bcnapps.es\/es\/wp-json\/wp\/v2\/types\/post"}],"author":[{"embeddable":true,"href":"https:\/\/rubisocial.bcnapps.es\/es\/wp-json\/wp\/v2\/users\/2"}],"replies":[{"embeddable":true,"href":"https:\/\/rubisocial.bcnapps.es\/es\/wp-json\/wp\/v2\/comments?post=1543"}],"version-history":[{"count":3,"href":"https:\/\/rubisocial.bcnapps.es\/es\/wp-json\/wp\/v2\/posts\/1543\/revisions"}],"predecessor-version":[{"id":1558,"href":"https:\/\/rubisocial.bcnapps.es\/es\/wp-json\/wp\/v2\/posts\/1543\/revisions\/1558"}],"wp:featuredmedia":[{"embeddable":true,"href":"https:\/\/rubisocial.bcnapps.es\/es\/wp-json\/wp\/v2\/media\/1544"}],"wp:attachment":[{"href":"https:\/\/rubisocial.bcnapps.es\/es\/wp-json\/wp\/v2\/media?parent=1543"}],"wp:term":[{"taxonomy":"category","embeddable":true,"href":"https:\/\/rubisocial.bcnapps.es\/es\/wp-json\/wp\/v2\/categories?post=1543"},{"taxonomy":"post_tag","embeddable":true,"href":"https:\/\/rubisocial.bcnapps.es\/es\/wp-json\/wp\/v2\/tags?post=1543"}],"curies":[{"name":"wp","href":"https:\/\/api.w.org\/{rel}","templated":true}]}}