{"id":1522,"date":"2021-05-18T07:00:43","date_gmt":"2021-05-18T07:00:43","guid":{"rendered":"https:\/\/rubisocial.bcnapps.es\/?p=1522"},"modified":"2021-05-18T06:10:33","modified_gmt":"2021-05-18T06:10:33","slug":"plan-anti-covid-en-las-residencias","status":"publish","type":"post","link":"https:\/\/rubisocial.bcnapps.es\/es\/2021\/05\/18\/plan-anti-covid-en-las-residencias\/","title":{"rendered":"LAS RESIDENCIAS SON UN LUGAR SEGURO"},"content":{"rendered":"<p>MEDIDAS DE SEGURIDAD FRENTE AL COVID-19 EN NUESTROS CENTROS<\/p>\n<p><span style=\"font-weight: 400;\">Desde que empez\u00f3 la pandemia hace m\u00e1s de un a\u00f1o, las residencias han sido, sin lugar a dudas, el sitio donde m\u00e1s impacto ha tenido el coronavirus. Las personas mayores son un grupo especialmente vulnerable a esta enfermedad, tanto por la edad como por la presencia de patolog\u00edas previas.\u00a0<\/span><\/p>\n<p><span style=\"font-weight: 400;\">Los centros residenciales hemos hecho frente a muchos obst\u00e1culos, sobre todo la falta de recursos. Hemos tenido que encarar una crisis sanitaria con medios asistenciales.\u00a0<\/span><\/p>\n<p><span style=\"font-weight: 400;\">Por otro lado, se han puesto en evidencia las carencias del sistema, y deber\u00edamos tomarlo como una oportunidad para resolver las asignaturas pendientes que hace tiempo que venimos reclamando.\u00a0<\/span><\/p>\n<p><span style=\"font-weight: 400;\">Sin embargo, tanto los centros como los equipos que los integran han sabido adaptarse y gestionar la crisis sanitaria gracias a protocolos de seguridad y planes de contingencia (adem\u00e1s de una implicaci\u00f3n ejemplar por parte de todas las personas que forman parte de las plantillas).\u00a0<\/span><\/p>\n<p><span style=\"font-weight: 400;\">El <\/span><i><span style=\"font-weight: 400;\">Departament de Salut<\/span><\/i><span style=\"font-weight: 400;\"> establece que la <\/span><b>Residencia y Centro de d\u00eda El Cel de Rub\u00ed<\/b><span style=\"font-weight: 400;\"> es un centro de Tipo B. Esto significa que el centro dispone de profesionales asistenciales tanto sanitarios como no sanitarios. Y aunque presenta algunos inconvenientes para procurar una zona de aislamiento amplia, se cumplen los requisitos m\u00ednimos para atender casos puntuales de COVID-19 en el centro.\u00a0<\/span><\/p>\n<p>&nbsp;<\/p>\n<p><b>Plan de contingencia<\/b><\/p>\n<p><span style=\"font-weight: 400;\">Hemos elaborado un Plan de contingencia, basado en el <a href=\"https:\/\/canalsalut.gencat.cat\/web\/.content\/_A-Z\/C\/coronavirus-2019-ncov\/material-divulgatiu\/gestio-infeccio-coronavirus-ambit-residencial.pdf\" target=\"_blank\" rel=\"noopener\">Plan Sectorial de la Generalitat de Catalunya<\/a><\/span><span style=\"font-weight: 400;\">, que fija los criterios y medidas para adaptar el funcionamiento de las residencias a esta nueva etapa.\u00a0<\/span><\/p>\n<p><span style=\"font-weight: 400;\">El objetivo es establecer un procedimiento de actuaci\u00f3n ajustado a las caracter\u00edsticas del centro, destinado a la prevenci\u00f3n y respuesta ante la aparici\u00f3n de casos. Tambi\u00e9n garantizar la protecci\u00f3n de residentes, familiares y profesionales, as\u00ed como ofrecer una atenci\u00f3n de calidad.\u00a0<\/span><\/p>\n<p><span style=\"font-weight: 400;\">A continuaci\u00f3n, veremos un resumen de los puntos m\u00e1s importantes de este plan de contingencia.\u00a0<\/span><\/p>\n<p>&nbsp;<\/p>\n<ol>\n<li><b> Identificaci\u00f3n del caso<\/b><\/li>\n<\/ol>\n<p><span style=\"font-weight: 400;\">Se har\u00e1 una detecci\u00f3n de la infecci\u00f3n a trav\u00e9s del control de sintomatolog\u00eda, poniendo especial atenci\u00f3n en los usuarios que presenten factores de vulnerabilidad previos.\u00a0<\/span><\/p>\n<p><span style=\"font-weight: 400;\">Los casos se clasifican en:\u00a0<\/span><\/p>\n<ul>\n<li style=\"font-weight: 400;\" aria-level=\"1\"><span style=\"font-weight: 400;\">Caso positivo (rojo)<\/span><\/li>\n<li style=\"font-weight: 400;\" aria-level=\"1\"><span style=\"font-weight: 400;\">Caso probable (amarillo)<\/span><\/li>\n<li style=\"font-weight: 400;\" aria-level=\"1\"><span style=\"font-weight: 400;\">Caso negativo (verde)<\/span><\/li>\n<\/ul>\n<p><span style=\"font-weight: 400;\">A diario se realiza una revisi\u00f3n en los usuarios, para comprobar que ninguno presenta s\u00edntomas.\u00a0<\/span><\/p>\n<p><span style=\"font-weight: 400;\">En caso de que sea necesario debido a la gravedad de los s\u00edntomas, se proceder\u00e1 a la derivaci\u00f3n hospitalaria.\u00a0<\/span><\/p>\n<p>&nbsp;<\/p>\n<ol start=\"2\">\n<li><b> Actuaci\u00f3n en caso de sospecha de caso de Covid-19<\/b><\/li>\n<\/ol>\n<p><span style=\"font-weight: 400;\">Ser\u00e1 necesario utilizar los EPIs: mascarilla FFP2 y mascarilla quir\u00fargica para cubrirla, gafas o pantalla, bata o mono impermeable y doble guante.\u00a0<\/span><\/p>\n<p><span style=\"font-weight: 400;\">Una vez terminada la exposici\u00f3n, se seguir\u00e1 lo indicado en el plan para su desinfecci\u00f3n o eliminaci\u00f3n.\u00a0<\/span><\/p>\n<p><span style=\"font-weight: 400;\">En caso de un resultado positivo en Covid, se realizar\u00e1 el siguiente control:<\/span><\/p>\n<ul>\n<li style=\"font-weight: 400;\" aria-level=\"1\"><span style=\"font-weight: 400;\">Medici\u00f3n de constantes e informaci\u00f3n al EAR (Equipo de Apoyo a Residencias, del CAP de referencia) diariamente.\u00a0<\/span><\/li>\n<li style=\"font-weight: 400;\" aria-level=\"1\"><span style=\"font-weight: 400;\">Solicitud de m\u00e1quina de ox\u00edgeno.<\/span><\/li>\n<li style=\"font-weight: 400;\" aria-level=\"1\"><span style=\"font-weight: 400;\">2 veces al d\u00eda medici\u00f3n de las constantes de casos probables y temperatura de todos los usuarios.\u00a0<\/span><\/li>\n<li style=\"font-weight: 400;\" aria-level=\"1\"><span style=\"font-weight: 400;\">Cuarentena en las habitaciones de los casos probables sin s\u00edntomas.\u00a0<\/span><\/li>\n<li style=\"font-weight: 400;\" aria-level=\"1\"><span style=\"font-weight: 400;\">Aislamiento del caso probable con s\u00edntomas.\u00a0<\/span><\/li>\n<\/ul>\n<p>&nbsp;<\/p>\n<ol start=\"3\">\n<li><b> Sectorizaci\u00f3n de los espacios<\/b><\/li>\n<\/ol>\n<p><span style=\"font-weight: 400;\">Para garantizar la seguridad de residentes y personal, los espacios (se\u00f1alizados en los planos del centro) se ha sectorizado en 3 \u00e1reas:<\/span><\/p>\n<ul>\n<li style=\"font-weight: 400;\" aria-level=\"1\"><span style=\"font-weight: 400;\">Zona verde: limpia<\/span><\/li>\n<li style=\"font-weight: 400;\" aria-level=\"1\"><span style=\"font-weight: 400;\">Zona amarilla: riesgo de contagio<\/span><\/li>\n<li style=\"font-weight: 400;\" aria-level=\"1\"><span style=\"font-weight: 400;\">Zona roja: destinada a aislamiento<\/span><\/li>\n<\/ul>\n<p><span style=\"font-weight: 400;\">En cada una se establecen las medidas de protecci\u00f3n y los tipos de materiales que hay que usar.\u00a0<\/span><\/p>\n<p>&nbsp;<\/p>\n<ol start=\"4\">\n<li><b> Medidas preventivas<\/b><\/li>\n<\/ol>\n<p><span style=\"font-weight: 400;\">Se han fijado medidas preventivas en todos los aspectos de la vida del centro con el fin de evitar contagios y nuevos casos.\u00a0<\/span><\/p>\n<ul>\n<li style=\"font-weight: 400;\" aria-level=\"1\"><span style=\"font-weight: 400;\">Seguimiento de trabajadores y residentes.<\/span><\/li>\n<li style=\"font-weight: 400;\" aria-level=\"1\"><span style=\"font-weight: 400;\">Higiene y desinfecci\u00f3n.<\/span><\/li>\n<li style=\"font-weight: 400;\" aria-level=\"1\"><span style=\"font-weight: 400;\">Distancias de seguridad.<\/span><\/li>\n<li style=\"font-weight: 400;\" aria-level=\"1\"><span style=\"font-weight: 400;\">Ventilaci\u00f3n.<\/span><\/li>\n<li style=\"font-weight: 400;\" aria-level=\"1\"><span style=\"font-weight: 400;\">Gesti\u00f3n de residuos.<\/span><\/li>\n<li style=\"font-weight: 400;\" aria-level=\"1\"><span style=\"font-weight: 400;\">Recepci\u00f3n de mercanc\u00edas.<\/span><\/li>\n<li style=\"font-weight: 400;\" aria-level=\"1\"><span style=\"font-weight: 400;\">Servicios externos.<\/span><\/li>\n<\/ul>\n<p>&nbsp;<\/p>\n<ol start=\"6\">\n<li><b> Altas de nuevos ingresos<\/b><\/li>\n<\/ol>\n<p><span style=\"font-weight: 400;\">Se modifica el protocolo de bienvenida al centro, haciendo la pre-alta por mail o videollamada. Se contactar\u00e1 con el CAP de referencia para programar la PCR de ingreso.\u00a0<\/span><\/p>\n<p><span style=\"font-weight: 400;\">Cualquier nueva alta tiene que estar autorizada por el departamento de salud y tener una PCR negativa previa (24h-48h).\u00a0<\/span><\/p>\n<p><span style=\"font-weight: 400;\">Una vez se produzca el ingreso, se realizar\u00e1 una cuarentena de 10-14 d\u00edas, realizando un seguimiento del estado emocional y de salud.\u00a0<\/span><\/p>\n<p><span style=\"font-weight: 400;\">Los nuevos residentes correctamente vacunados NO necesitan realizar dicho aislamiento, pero s\u00ed una PCR negativa<\/span><\/p>\n<p>&nbsp;<\/p>\n<ol start=\"8\">\n<li><b> Salidas del centro<\/b><\/li>\n<\/ol>\n<p><span style=\"font-weight: 400;\">Cada vez que se salga del centro, ya sea para visitas m\u00e9dicas u ocio, ser\u00e1 siempre con mascarilla y evitando el transporte p\u00fablico.\u00a0<\/span><\/p>\n<p><span style=\"font-weight: 400;\">Las salidas de ocio ser\u00e1n en el exterior.\u00a0<\/span><\/p>\n<p><span style=\"font-weight: 400;\">Y al volver a la residencia se llevar\u00e1 a cabo una limpieza y desinfecci\u00f3n exhaustiva (ducha, cambio de ropa, desinfecci\u00f3n de zapatos y sillas de ruedas, etc.).\u00a0<\/span><\/p>\n<p>&nbsp;<\/p>\n<ol start=\"9\">\n<li><b> Plan de actividades<\/b><\/li>\n<\/ol>\n<p><span style=\"font-weight: 400;\">Uno de los principales problemas durante la pandemia ha sido la falta de contacto con el entorno. En algunos casos, se han detectado episodios de estr\u00e9s y ansiedad.\u00a0<\/span><\/p>\n<p><span style=\"font-weight: 400;\">Por ello, y siempre garantizando las medidas de seguridad, se ha preparado un plan de actividades para asegurar el bienestar de los usuarios, m\u00e1s all\u00e1 de la protecci\u00f3n frente al virus.\u00a0<\/span><\/p>\n<p><span style=\"font-weight: 400;\">Tambi\u00e9n se han establecido grupos de convivencia por zonas, donde conviven durante el d\u00eda.\u00a0<\/span><\/p>\n<p>&nbsp;<\/p>\n<ol start=\"11\">\n<li><b> Visitas, salidas de ocio y comunicaci\u00f3n<\/b><\/li>\n<\/ol>\n<p><span style=\"font-weight: 400;\">A medida que la situaci\u00f3n epidemiol\u00f3gica lo permita, se ir\u00e1 procediendo al retorno a la normalidad de manera progresiva.\u00a0<\/span><\/p>\n<p><span style=\"font-weight: 400;\">Habr\u00e1 que consultar previamente con el centro las normas a seguir en lo relativo a las visitas y salidas.\u00a0<\/span><\/p>\n<p><span style=\"font-weight: 400;\">Como siempre, en todo momento mantenemos comunicaci\u00f3n con las familias, tanto del seguimiento de salud y emocional de los usuarios, como de las actividades y modificaciones de las medidas.\u00a0<\/span><\/p>\n<p>&nbsp;<\/p>\n<ol start=\"12\">\n<li><b> Trabajadores del centro\u00a0<\/b><\/li>\n<\/ol>\n<p><span style=\"font-weight: 400;\">Para poder ofrecer el mejor trato a nuestros residentes, tambi\u00e9n ponemos especial \u00e9nfasis en el cuidado de nuestros trabajadores.\u00a0<\/span><\/p>\n<p><span style=\"font-weight: 400;\">Disponemos de un T\u00e9cnico de prevenci\u00f3n en Riesgos Laborales, realizamos cribajes peri\u00f3dicos, damos soporte emocional al personal (imprescindible en este dif\u00edcil periodo) y contamos con un programa formativo que nos permite estar actualizados.\u00a0<\/span><\/p>\n<p>&nbsp;<\/p>\n<p><b>Estamos preparados<\/b><\/p>\n<p><span style=\"font-weight: 400;\">Ahora, gracias a la vacunaci\u00f3n, se abre una nueva etapa ante nosotros.\u00a0<\/span><\/p>\n<p><span style=\"font-weight: 400;\">Tenemos un 93% de residentes vacunados y un 0,2% de contagios en los centros.\u00a0<\/span><\/p>\n<p><span style=\"font-weight: 400;\">La Associaci\u00f3 Catalana de Recursos Assistencials (ACRA), de la que formamos parte, ha realizado la campa\u00f1a \u201cEstem preparats\u201d (ver <a href=\"https:\/\/estempreparats.cat\/\" target=\"_blank\" rel=\"noopener\">aqu\u00ed<\/a>).<\/span><\/p>\n<p><span style=\"font-weight: 400;\">Muestra c\u00f3mo las residencias nos hemos adaptado a la nueva normalidad y estamos preparados para afrontar el futuro con ilusi\u00f3n y seguridad.\u00a0<\/span><\/p>\n","protected":false},"excerpt":{"rendered":"<p>MEDIDAS DE SEGURIDAD FRENTE AL COVID-19 EN NUESTROS CENTROS Desde que empez\u00f3 la pandemia hace m\u00e1s de un a\u00f1o, las [&hellip;]<\/p>\n","protected":false},"author":2,"featured_media":1530,"comment_status":"closed","ping_status":"closed","sticky":false,"template":"","format":"standard","meta":{"_exactmetrics_skip_tracking":false,"_exactmetrics_sitenote_active":false,"_exactmetrics_sitenote_note":"","_exactmetrics_sitenote_category":0,"footnotes":""},"categories":[10],"tags":[15,16,17,18,19,20,21],"class_list":["post-1522","post","type-post","status-publish","format-standard","has-post-thumbnail","hentry","category-actualidad","tag-plan-de-contingencia","tag-covid-19","tag-centro-residencial","tag-residencia-de-personas-mayores","tag-medidas-de-seguridad","tag-el-cel-de-rubi","tag-rubi-social"],"_links":{"self":[{"href":"https:\/\/rubisocial.bcnapps.es\/es\/wp-json\/wp\/v2\/posts\/1522","targetHints":{"allow":["GET"]}}],"collection":[{"href":"https:\/\/rubisocial.bcnapps.es\/es\/wp-json\/wp\/v2\/posts"}],"about":[{"href":"https:\/\/rubisocial.bcnapps.es\/es\/wp-json\/wp\/v2\/types\/post"}],"author":[{"embeddable":true,"href":"https:\/\/rubisocial.bcnapps.es\/es\/wp-json\/wp\/v2\/users\/2"}],"replies":[{"embeddable":true,"href":"https:\/\/rubisocial.bcnapps.es\/es\/wp-json\/wp\/v2\/comments?post=1522"}],"version-history":[{"count":2,"href":"https:\/\/rubisocial.bcnapps.es\/es\/wp-json\/wp\/v2\/posts\/1522\/revisions"}],"predecessor-version":[{"id":1529,"href":"https:\/\/rubisocial.bcnapps.es\/es\/wp-json\/wp\/v2\/posts\/1522\/revisions\/1529"}],"wp:featuredmedia":[{"embeddable":true,"href":"https:\/\/rubisocial.bcnapps.es\/es\/wp-json\/wp\/v2\/media\/1530"}],"wp:attachment":[{"href":"https:\/\/rubisocial.bcnapps.es\/es\/wp-json\/wp\/v2\/media?parent=1522"}],"wp:term":[{"taxonomy":"category","embeddable":true,"href":"https:\/\/rubisocial.bcnapps.es\/es\/wp-json\/wp\/v2\/categories?post=1522"},{"taxonomy":"post_tag","embeddable":true,"href":"https:\/\/rubisocial.bcnapps.es\/es\/wp-json\/wp\/v2\/tags?post=1522"}],"curies":[{"name":"wp","href":"https:\/\/api.w.org\/{rel}","templated":true}]}}