{"id":1511,"date":"2020-03-19T17:17:12","date_gmt":"2020-03-19T17:17:12","guid":{"rendered":"https:\/\/rubisocial.bcnapps.es\/?p=1511"},"modified":"2020-03-19T17:17:12","modified_gmt":"2020-03-19T17:17:12","slug":"comunicado-covid-19","status":"publish","type":"post","link":"https:\/\/rubisocial.bcnapps.es\/es\/2020\/03\/19\/comunicado-covid-19\/","title":{"rendered":"COMUNICADO COVID-19"},"content":{"rendered":"<p>Apreciados familiares;<\/p>\n<p>Desde la direcci\u00f3n del centro queremos tranquilizar a los familiares de nuestros residentes y por ello creemos que es importante informaros de las medidas que estamos aplicando desde la primera semana de marzo.<\/p>\n<p>Llevamos ya m\u00e1s de dos semanas pidiendo a nuestro personal que se proteja del contacto con personas ajenas al centro y a sus familias, que eviten asistir a lugares concurridos y extremen las medidas higi\u00e9nicas para evitar su contagio y as\u00ed no poner en riesgo a las personas a las que estamos cuidando, cuya salud es extremadamente fr\u00e1gil, somos plenamente conscientes de ello.<\/p>\n<p>Tambi\u00e9n hemos facilitado a todo el personal medidas de protecci\u00f3n individual y consejos de actuaci\u00f3n.<\/p>\n<p>Al mismo tiempo llevamos todo ese tiempo avisando a familiares y visitantes de nuestros usuarios de la gravedad de la situaci\u00f3n y recomendando medidas para evitar contagio accidental hasta el punto de pedir que se evitara venir de visita si no era estrictamente necesario y posteriormente confinando el centro a fin de evitar contagios (Siguiendo las pautas de la Generalitat de Catalunya).<\/p>\n<p>Queremos dar las gracias a las familias por su comprensi\u00f3n y conciencia, lo cual nos ha facilitado mucho la tarea de proteger a sus seres queridos.<\/p>\n<p>Hemos extremado las medidas higi\u00e9nicas del centro y seguido los protocolos de actuaci\u00f3n para evitar el contagio que nos han facilitado: nuestro m\u00e9dico, el CAP de referencia, el Departament de Salut de la Generalitat y el Departament de Treball i Afers socials, y algunas otras que nos han parecido de sentido com\u00fan.<\/p>\n<p>Paralelamente queremos informaros de que, como medida preventiva, todo el personal no imprescindible del centro ha sido enviado a sus casas. Esta actuaci\u00f3n nos ha permitido garantizar que en caso de necesidad, habr\u00e1 personal formado y que conoce a vuestros familiares para seguir realizando nuestro trabajo. El equipo t\u00e9cnico, a excepci\u00f3n de la terapeuta ocupacional, se encuentra trabajando desde casa y enviando actividades para que los residentes sigan activos. En lo referente al personal de atenci\u00f3n directa tenemos un equipo que se encuentra confinado y disponible para que podamos recurrir a ellos en caso de necesidad.<\/p>\n<p>Al principio de la semana pasada ya se avis\u00f3 por escrito a todos los familiares, tanto por whatsapp como por correo electr\u00f3nico y con carteles colgados en las zonas comunes del centro, as\u00ed como verbalmente a todas las visitas.<\/p>\n<p>Hemos estado buscando por todas partes: CAP, patronal, Departament de Salut y distintos proveedores&#8230; equipos de protecci\u00f3n individual para evitar contagios tanto de los usuarios como del personal del centro, ha sido extremadamente dif\u00edcil conseguirlos pero ha d\u00eda de hoy, estamos todos cubiertos, adem\u00e1s hemos descubierto varias iniciativas solidarias y humanas que no nos esper\u00e1bamos, como ROBINHAT, de aqu\u00ed de Rub\u00ed que nos ha regalado mascarillas de tela para el personal auxiliar, agradecemos a todos ellos y ellas su colaboraci\u00f3n. Finalmente el Departament de Salut nos ha informado de que nos proveer\u00e1 m\u00e1s all\u00e1 de lo que nosotros hayamos podido conseguir.<\/p>\n<p>Estamos en contacto continuo con los servicios de emergencias y con el Departament de Salut, informando diariamente del estado de nuestros usuarios, tomando constantes varias veces al d\u00eda tanto a usuarios como al personal y siguiendo todas las indicaciones que estos servicios nos dan, tanto las espec\u00edficas por nuestras caracter\u00edsticas particulares como las generales de los protocolos de actuaci\u00f3n que se van actualizando continuamente.<\/p>\n<p>Seguiremos informando a los familiares del estado de salud de nuestros usuarios, ya sea por tel\u00e9fono, videoconferencia o whatsapp, estamos a su disposici\u00f3n.<\/p>\n<p>Comprendemos que la situaci\u00f3n es muy dura y que renuncian a ver a sus seres queridos para proteger su salud. Agradecemos la colaboraci\u00f3n y buena disposici\u00f3n y solo podemos asegurarles que desde el centro estamos haciendo todo lo que est\u00e1 en nuestras manos para garantizar el bienestar y la salud de sus familiares, que es nuestra m\u00e1xima preocupaci\u00f3n y motivaci\u00f3n en estos momentos tan complicados.<\/p>\n<p>Espero que esta situaci\u00f3n se resuelva lo antes y lo mejor posible y nos podamos ver de nuevo con normalidad.<\/p>\n<p>Os recordamos que estamos a vuestra disposici\u00f3n en el 936975049 o en el 674098276 para videollamadas o whatsapps el la Residencia Conxita Valls y en el 935882024 y el 683379709 para videollamadas o whatsapps para la Residencia El Cel de Rub\u00ed.<\/p>\n<p>Intentaremos haceros llegar v\u00eddeos tanto por whatsapp como por redes sociales para que pod\u00e1is comprobar que vuestros familiares est\u00e1n bien.<\/p>\n<p>Un cordial saludo,<\/p>\n","protected":false},"excerpt":{"rendered":"<p>Apreciados familiares; Desde la direcci\u00f3n del centro queremos tranquilizar a los familiares de nuestros residentes y por ello creemos que [&hellip;]<\/p>\n","protected":false},"author":2,"featured_media":1505,"comment_status":"closed","ping_status":"closed","sticky":false,"template":"","format":"standard","meta":{"_exactmetrics_skip_tracking":false,"_exactmetrics_sitenote_active":false,"_exactmetrics_sitenote_note":"","_exactmetrics_sitenote_category":0,"footnotes":""},"categories":[10],"tags":[],"class_list":["post-1511","post","type-post","status-publish","format-standard","has-post-thumbnail","hentry","category-actualidad"],"_links":{"self":[{"href":"https:\/\/rubisocial.bcnapps.es\/es\/wp-json\/wp\/v2\/posts\/1511","targetHints":{"allow":["GET"]}}],"collection":[{"href":"https:\/\/rubisocial.bcnapps.es\/es\/wp-json\/wp\/v2\/posts"}],"about":[{"href":"https:\/\/rubisocial.bcnapps.es\/es\/wp-json\/wp\/v2\/types\/post"}],"author":[{"embeddable":true,"href":"https:\/\/rubisocial.bcnapps.es\/es\/wp-json\/wp\/v2\/users\/2"}],"replies":[{"embeddable":true,"href":"https:\/\/rubisocial.bcnapps.es\/es\/wp-json\/wp\/v2\/comments?post=1511"}],"version-history":[{"count":1,"href":"https:\/\/rubisocial.bcnapps.es\/es\/wp-json\/wp\/v2\/posts\/1511\/revisions"}],"predecessor-version":[{"id":1512,"href":"https:\/\/rubisocial.bcnapps.es\/es\/wp-json\/wp\/v2\/posts\/1511\/revisions\/1512"}],"wp:featuredmedia":[{"embeddable":true,"href":"https:\/\/rubisocial.bcnapps.es\/es\/wp-json\/wp\/v2\/media\/1505"}],"wp:attachment":[{"href":"https:\/\/rubisocial.bcnapps.es\/es\/wp-json\/wp\/v2\/media?parent=1511"}],"wp:term":[{"taxonomy":"category","embeddable":true,"href":"https:\/\/rubisocial.bcnapps.es\/es\/wp-json\/wp\/v2\/categories?post=1511"},{"taxonomy":"post_tag","embeddable":true,"href":"https:\/\/rubisocial.bcnapps.es\/es\/wp-json\/wp\/v2\/tags?post=1511"}],"curies":[{"name":"wp","href":"https:\/\/api.w.org\/{rel}","templated":true}]}}